{"id":8881,"date":"2019-11-29T11:52:00","date_gmt":"2019-11-29T11:52:00","guid":{"rendered":"https:\/\/www.samayurveda.com\/?p=8881"},"modified":"2023-09-21T12:02:25","modified_gmt":"2023-09-21T12:02:25","slug":"deuxieme-rencontre-au-sommet-historique-pour-layurveda-oms-ministere-ayush-jamnagar-gujarat","status":"publish","type":"post","link":"https:\/\/www.samayurveda.com\/fr\/deuxieme-rencontre-au-sommet-historique-pour-layurveda-oms-ministere-ayush-jamnagar-gujarat\/","title":{"rendered":"Deuxi\u00e8me rencontre au sommet historique pour l\u2019Ayurv\u00e9da\u00a0&#8211; OMS &#038; Minist\u00e8re AYUSH, Jamnagar, Gujarat\u00a0"},"content":{"rendered":"\n<figure class=\"wp-block-image size-large\"><img decoding=\"async\" width=\"1024\" height=\"576\" src=\"https:\/\/www.samayurveda.com\/wp-content\/uploads\/2023\/09\/image-1-1024x576.jpeg\" alt=\"\" class=\"wp-image-8884\" srcset=\"https:\/\/www.samayurveda.com\/wp-content\/uploads\/2023\/09\/image-1-1024x576.jpeg 1024w, https:\/\/www.samayurveda.com\/wp-content\/uploads\/2023\/09\/image-1-300x169.jpeg 300w, https:\/\/www.samayurveda.com\/wp-content\/uploads\/2023\/09\/image-1-768x432.jpeg 768w, https:\/\/www.samayurveda.com\/wp-content\/uploads\/2023\/09\/image-1.jpeg 1400w\" sizes=\"(max-width: 1024px) 100vw, 1024px\" \/><\/figure>\n\n\n\n<p class=\"wp-block-paragraph\">Apr\u00e8s la premi\u00e8re r\u00e9union historique de consultation de l&rsquo;OMS en 2018, une deuxi\u00e8me r\u00e9union s&rsquo;est tenue en 2019 \u00e0 Jamnagar, Gujarat, pendant 5 jours intensifs du 26 au 29 novembre 2019.&nbsp;<\/p>\n\n\n\n<figure class=\"wp-block-image size-large\"><img decoding=\"async\" width=\"1024\" height=\"547\" src=\"https:\/\/www.samayurveda.com\/wp-content\/uploads\/2023\/09\/image-1-1024x547.png\" alt=\"\" class=\"wp-image-8887\" srcset=\"https:\/\/www.samayurveda.com\/wp-content\/uploads\/2023\/09\/image-1-1024x547.png 1024w, https:\/\/www.samayurveda.com\/wp-content\/uploads\/2023\/09\/image-1-300x160.png 300w, https:\/\/www.samayurveda.com\/wp-content\/uploads\/2023\/09\/image-1-768x410.png 768w, https:\/\/www.samayurveda.com\/wp-content\/uploads\/2023\/09\/image-1.png 1261w\" sizes=\"(max-width: 1024px) 100vw, 1024px\" \/><\/figure>\n\n\n\n<p class=\"wp-block-paragraph\">Un groupe d&rsquo;experts indiens et internationaux de 22 nations et de tous les continents s&rsquo;est r\u00e9uni pour travailler sur les guidelines de r\u00e9f\u00e9rence pour l&rsquo;Ayurveda et la m\u00e9decine Unani.&nbsp;<\/p>\n\n\n\n<figure class=\"wp-block-image size-full\"><img decoding=\"async\" width=\"692\" height=\"422\" src=\"https:\/\/www.samayurveda.com\/wp-content\/uploads\/2023\/09\/image-4.png\" alt=\"\" class=\"wp-image-8893\" srcset=\"https:\/\/www.samayurveda.com\/wp-content\/uploads\/2023\/09\/image-4.png 692w, https:\/\/www.samayurveda.com\/wp-content\/uploads\/2023\/09\/image-4-300x183.png 300w\" sizes=\"(max-width: 692px) 100vw, 692px\" \/><\/figure>\n\n\n\n<p class=\"wp-block-paragraph\">Les experts en Ayurv\u00e9da ont eu la t\u00e2che fastidieuse de r\u00e9viser et d&rsquo;actualiser les guidelines pour la formation en Ayurv\u00e9da &#8211; dont la premi\u00e8re \u00e9dition avait \u00e9t\u00e9 publi\u00e9e fin 2010 &#8211; en l&rsquo;harmonisant avec les benchmarks pour la pratique clinique et le contenu du Pancha Karma \u00e9labor\u00e9s lors de la r\u00e9union en 2018.&nbsp;<\/p>\n\n\n\n<figure class=\"wp-block-image size-full\"><img decoding=\"async\" width=\"617\" height=\"337\" src=\"https:\/\/www.samayurveda.com\/wp-content\/uploads\/2023\/09\/image-3.png\" alt=\"\" class=\"wp-image-8891\" srcset=\"https:\/\/www.samayurveda.com\/wp-content\/uploads\/2023\/09\/image-3.png 617w, https:\/\/www.samayurveda.com\/wp-content\/uploads\/2023\/09\/image-3-300x164.png 300w\" sizes=\"(max-width: 617px) 100vw, 617px\" \/><\/figure>\n\n\n\n<p class=\"wp-block-paragraph\">Des d\u00e9bats anim\u00e9s et beaucoup d&rsquo;efforts intellectuels ont \u00e9t\u00e9 consacr\u00e9s \u00e0 l&rsquo;\u00e9laboration de lignes directrices significatives bas\u00e9es sur des consensus.&nbsp;<\/p>\n\n\n\n<figure class=\"wp-block-image size-full\"><img decoding=\"async\" width=\"577\" height=\"370\" src=\"https:\/\/www.samayurveda.com\/wp-content\/uploads\/2023\/09\/image-2.png\" alt=\"\" class=\"wp-image-8889\" srcset=\"https:\/\/www.samayurveda.com\/wp-content\/uploads\/2023\/09\/image-2.png 577w, https:\/\/www.samayurveda.com\/wp-content\/uploads\/2023\/09\/image-2-300x192.png 300w\" sizes=\"(max-width: 577px) 100vw, 577px\" \/><\/figure>\n\n\n\n<p class=\"wp-block-paragraph\">La Suisse \u00e9tait l&rsquo;un des pays repr\u00e9sentant le continent europ\u00e9en. Comme lors de la premi\u00e8re r\u00e9union de l&rsquo;OMS en 2018, la Dre Simone Hunziker \u00e9tait nomm\u00e9e Rapporteur aux c\u00f4t\u00e9s du Dr Jorge Luis Berra d&rsquo;Argentine.&nbsp;<\/p>\n\n\n\n<figure class=\"wp-block-image size-full\"><img decoding=\"async\" width=\"692\" height=\"894\" src=\"https:\/\/www.samayurveda.com\/wp-content\/uploads\/2023\/09\/image-5.png\" alt=\"\" class=\"wp-image-8895\" srcset=\"https:\/\/www.samayurveda.com\/wp-content\/uploads\/2023\/09\/image-5.png 692w, https:\/\/www.samayurveda.com\/wp-content\/uploads\/2023\/09\/image-5-232x300.png 232w\" sizes=\"(max-width: 692px) 100vw, 692px\" \/><\/figure>\n\n\n\n<p class=\"wp-block-paragraph\">Les <a href=\"https:\/\/www.who.int\/publications\/i\/item\/9789240042711\" target=\"_blank\" rel=\"noreferrer noopener\">WHO Benchmarks for training in Ayurveda<\/a> et les <a href=\"https:\/\/www.who.int\/publications\/i\/item\/9789240042674\" target=\"_blank\" rel=\"noreferrer noopener\">WHO Benchmarks for clinical practice in Ayurveda<\/a> ont \u00e9t\u00e9 publi\u00e9s durant le premier trimestre 2022.\u00a0<\/p>\n\n\n\n<div class=\"wp-block-group\"><div class=\"wp-block-group__inner-container is-layout-constrained wp-block-group-is-layout-constrained\">\n<div class=\"wp-block-columns is-layout-flex wp-container-core-columns-is-layout-8f761849 wp-block-columns-is-layout-flex\">\n<div class=\"wp-block-column is-layout-flow wp-block-column-is-layout-flow\"><div class=\"wp-block-image\">\n<figure class=\"alignleft size-full\"><img decoding=\"async\" width=\"170\" height=\"240\" src=\"https:\/\/www.samayurveda.com\/wp-content\/uploads\/2023\/09\/image.jpeg\" alt=\"\" class=\"wp-image-8882\"\/><\/figure>\n<\/div><\/div>\n\n\n\n<div class=\"wp-block-column is-layout-flow wp-block-column-is-layout-flow\"><div class=\"wp-block-image\">\n<figure class=\"alignleft size-full\"><img decoding=\"async\" width=\"170\" height=\"240\" src=\"https:\/\/www.samayurveda.com\/wp-content\/uploads\/2023\/09\/image.png\" alt=\"\" class=\"wp-image-8883\"\/><\/figure>\n<\/div><\/div>\n\n\n\n<div class=\"wp-block-column is-layout-flow wp-block-column-is-layout-flow\"><\/div>\n<\/div>\n\n\n\n<p class=\"wp-block-paragraph\"><\/p>\n\n\n\n<p class=\"wp-block-paragraph\">Ces guidelines repr\u00e9sentent le support indispensable en termes de r\u00e9f\u00e9rences pratiques fiables pour toute institution gouvernementale, \u00e9ducative ou clinique souhaitant d\u00e9velopper et institutionnaliser l&rsquo;Ayurv\u00e9da en tant que syst\u00e8me m\u00e9dical.\u00a0<\/p>\n<\/div><\/div>\n\n\n\n<p class=\"wp-block-paragraph\"><\/p>\n\n\n\n<p class=\"wp-block-paragraph\"><\/p>\n\n\n\n<p class=\"wp-block-paragraph\"><\/p>\n\n\n\n<p class=\"wp-block-paragraph\"><\/p>\n","protected":false},"excerpt":{"rendered":"<p>Apr\u00e8s la premi\u00e8re r\u00e9union historique de consultation de l&rsquo;OMS en 2018, une deuxi\u00e8me r\u00e9union s&rsquo;est tenue en 2019 \u00e0 Jamnagar, Gujarat, pendant 5 jours intensifs du 26 au 29 novembre 2019.&nbsp; Un groupe d&rsquo;experts indiens et internationaux de 22 nations et de tous les continents s&rsquo;est r\u00e9uni pour travailler sur les guidelines de r\u00e9f\u00e9rence pour [&hellip;]<\/p>\n","protected":false},"author":1,"featured_media":8887,"comment_status":"closed","ping_status":"closed","sticky":false,"template":"","format":"standard","meta":{"footnotes":""},"categories":[119],"tags":[124,122,123],"class_list":["post-8881","post","type-post","status-publish","format-standard","has-post-thumbnail","hentry","category-ayurveda-international-fr","tag-ayush","tag-oms","tag-who"],"yoast_head":"<!-- This site is optimized with the Yoast SEO plugin v20.12 - https:\/\/yoast.com\/wordpress\/plugins\/seo\/ -->\n<title>Deuxi\u00e8me rencontre au sommet historique pour l\u2019Ayurv\u00e9da\u00a0- OMS &amp; Minist\u00e8re AYUSH, Jamnagar, Gujarat\u00a0 - SAMA<\/title>\n<meta name=\"robots\" content=\"index, follow, max-snippet:-1, max-image-preview:large, max-video-preview:-1\" \/>\n<link rel=\"canonical\" href=\"https:\/\/www.samayurveda.com\/fr\/deuxieme-rencontre-au-sommet-historique-pour-layurveda-oms-ministere-ayush-jamnagar-gujarat\/\" \/>\n<meta property=\"og:locale\" content=\"fr_FR\" \/>\n<meta property=\"og:type\" content=\"article\" \/>\n<meta property=\"og:title\" content=\"Deuxi\u00e8me rencontre au sommet historique pour l\u2019Ayurv\u00e9da\u00a0- OMS &amp; Minist\u00e8re AYUSH, Jamnagar, Gujarat\u00a0 - SAMA\" \/>\n<meta property=\"og:description\" content=\"Apr\u00e8s la premi\u00e8re r\u00e9union historique de consultation de l&rsquo;OMS en 2018, une deuxi\u00e8me r\u00e9union s&rsquo;est tenue en 2019 \u00e0 Jamnagar, Gujarat, pendant 5 jours intensifs du 26 au 29 novembre 2019.&nbsp; Un groupe d&rsquo;experts indiens et internationaux de 22 nations et de tous les continents s&rsquo;est r\u00e9uni pour travailler sur les guidelines de r\u00e9f\u00e9rence pour [&hellip;]\" \/>\n<meta property=\"og:url\" content=\"https:\/\/www.samayurveda.com\/fr\/deuxieme-rencontre-au-sommet-historique-pour-layurveda-oms-ministere-ayush-jamnagar-gujarat\/\" \/>\n<meta property=\"og:site_name\" content=\"SAMA\" \/>\n<meta property=\"article:publisher\" content=\"https:\/\/www.facebook.com\/p\/SAMA-Swiss-Ayurvedic-Medical-Academy-100065676061693\/\" \/>\n<meta property=\"article:published_time\" content=\"2019-11-29T11:52:00+00:00\" \/>\n<meta property=\"article:modified_time\" content=\"2023-09-21T12:02:25+00:00\" \/>\n<meta property=\"og:image\" content=\"https:\/\/www.samayurveda.com\/wp-content\/uploads\/2023\/09\/image-1.png\" \/>\n\t<meta property=\"og:image:width\" content=\"1261\" \/>\n\t<meta property=\"og:image:height\" content=\"674\" \/>\n\t<meta property=\"og:image:type\" content=\"image\/png\" \/>\n<meta name=\"author\" content=\"admin\" \/>\n<meta name=\"twitter:card\" content=\"summary_large_image\" \/>\n<meta name=\"twitter:label1\" content=\"\u00c9crit par\" \/>\n\t<meta name=\"twitter:data1\" content=\"admin\" \/>\n\t<meta name=\"twitter:label2\" content=\"Dur\u00e9e de lecture estim\u00e9e\" \/>\n\t<meta name=\"twitter:data2\" content=\"3 minutes\" \/>\n<script type=\"application\/ld+json\" class=\"yoast-schema-graph\">{\"@context\":\"https:\/\/schema.org\",\"@graph\":[{\"@type\":\"Article\",\"@id\":\"https:\/\/www.samayurveda.com\/fr\/deuxieme-rencontre-au-sommet-historique-pour-layurveda-oms-ministere-ayush-jamnagar-gujarat\/#article\",\"isPartOf\":{\"@id\":\"https:\/\/www.samayurveda.com\/fr\/deuxieme-rencontre-au-sommet-historique-pour-layurveda-oms-ministere-ayush-jamnagar-gujarat\/\"},\"author\":{\"name\":\"admin\",\"@id\":\"https:\/\/samayurveda.com\/#\/schema\/person\/61efc479b3e6709e8a9583234fece88e\"},\"headline\":\"Deuxi\u00e8me rencontre au sommet historique pour l\u2019Ayurv\u00e9da\u00a0&#8211; OMS &#038; Minist\u00e8re AYUSH, Jamnagar, Gujarat\u00a0\",\"datePublished\":\"2019-11-29T11:52:00+00:00\",\"dateModified\":\"2023-09-21T12:02:25+00:00\",\"mainEntityOfPage\":{\"@id\":\"https:\/\/www.samayurveda.com\/fr\/deuxieme-rencontre-au-sommet-historique-pour-layurveda-oms-ministere-ayush-jamnagar-gujarat\/\"},\"wordCount\":279,\"publisher\":{\"@id\":\"https:\/\/samayurveda.com\/#organization\"},\"keywords\":[\"AYUSH\",\"OMS\",\"WHO\"],\"articleSection\":[\"Ayurveda international\"],\"inLanguage\":\"fr-FR\"},{\"@type\":\"WebPage\",\"@id\":\"https:\/\/www.samayurveda.com\/fr\/deuxieme-rencontre-au-sommet-historique-pour-layurveda-oms-ministere-ayush-jamnagar-gujarat\/\",\"url\":\"https:\/\/www.samayurveda.com\/fr\/deuxieme-rencontre-au-sommet-historique-pour-layurveda-oms-ministere-ayush-jamnagar-gujarat\/\",\"name\":\"Deuxi\u00e8me rencontre au sommet historique pour l\u2019Ayurv\u00e9da\u00a0- OMS & Minist\u00e8re AYUSH, Jamnagar, Gujarat\u00a0 - SAMA\",\"isPartOf\":{\"@id\":\"https:\/\/samayurveda.com\/#website\"},\"datePublished\":\"2019-11-29T11:52:00+00:00\",\"dateModified\":\"2023-09-21T12:02:25+00:00\",\"breadcrumb\":{\"@id\":\"https:\/\/www.samayurveda.com\/fr\/deuxieme-rencontre-au-sommet-historique-pour-layurveda-oms-ministere-ayush-jamnagar-gujarat\/#breadcrumb\"},\"inLanguage\":\"fr-FR\",\"potentialAction\":[{\"@type\":\"ReadAction\",\"target\":[\"https:\/\/www.samayurveda.com\/fr\/deuxieme-rencontre-au-sommet-historique-pour-layurveda-oms-ministere-ayush-jamnagar-gujarat\/\"]}]},{\"@type\":\"BreadcrumbList\",\"@id\":\"https:\/\/www.samayurveda.com\/fr\/deuxieme-rencontre-au-sommet-historique-pour-layurveda-oms-ministere-ayush-jamnagar-gujarat\/#breadcrumb\",\"itemListElement\":[{\"@type\":\"ListItem\",\"position\":1,\"name\":\"Home\",\"item\":\"https:\/\/www.samayurveda.com\/fr\/\"},{\"@type\":\"ListItem\",\"position\":2,\"name\":\"Deuxi\u00e8me rencontre au sommet historique pour l\u2019Ayurv\u00e9da\u00a0&#8211; OMS &#038; Minist\u00e8re AYUSH, Jamnagar, Gujarat\u00a0\"}]},{\"@type\":\"WebSite\",\"@id\":\"https:\/\/samayurveda.com\/#website\",\"url\":\"https:\/\/samayurveda.com\/\",\"name\":\"samayurveda.com\",\"description\":\"\",\"publisher\":{\"@id\":\"https:\/\/samayurveda.com\/#organization\"},\"potentialAction\":[{\"@type\":\"SearchAction\",\"target\":{\"@type\":\"EntryPoint\",\"urlTemplate\":\"https:\/\/samayurveda.com\/?s={search_term_string}\"},\"query-input\":\"required name=search_term_string\"}],\"inLanguage\":\"fr-FR\"},{\"@type\":\"Organization\",\"@id\":\"https:\/\/samayurveda.com\/#organization\",\"name\":\"samayurveda.com\",\"url\":\"https:\/\/samayurveda.com\/\",\"logo\":{\"@type\":\"ImageObject\",\"inLanguage\":\"fr-FR\",\"@id\":\"https:\/\/samayurveda.com\/#\/schema\/logo\/image\/\",\"url\":\"https:\/\/www.samayurveda.com\/wp-content\/uploads\/2023\/08\/sama-1-1.png\",\"contentUrl\":\"https:\/\/www.samayurveda.com\/wp-content\/uploads\/2023\/08\/sama-1-1.png\",\"width\":300,\"height\":157,\"caption\":\"samayurveda.com\"},\"image\":{\"@id\":\"https:\/\/samayurveda.com\/#\/schema\/logo\/image\/\"},\"sameAs\":[\"https:\/\/www.facebook.com\/p\/SAMA-Swiss-Ayurvedic-Medical-Academy-100065676061693\/\"]},{\"@type\":\"Person\",\"@id\":\"https:\/\/samayurveda.com\/#\/schema\/person\/61efc479b3e6709e8a9583234fece88e\",\"name\":\"admin\",\"image\":{\"@type\":\"ImageObject\",\"inLanguage\":\"fr-FR\",\"@id\":\"https:\/\/samayurveda.com\/#\/schema\/person\/image\/\",\"url\":\"https:\/\/secure.gravatar.com\/avatar\/c44a2a6bb651da836b83163a45e6ee792f21186387b310d10bea153d3f1c0949?s=96&d=mm&r=g\",\"contentUrl\":\"https:\/\/secure.gravatar.com\/avatar\/c44a2a6bb651da836b83163a45e6ee792f21186387b310d10bea153d3f1c0949?s=96&d=mm&r=g\",\"caption\":\"admin\"},\"sameAs\":[\"https:\/\/samayurveda.com\"],\"url\":\"https:\/\/www.samayurveda.com\/fr\/author\/charles_wda6r7k7\/\"}]}<\/script>\n<!-- \/ Yoast SEO plugin. -->","yoast_head_json":{"title":"Deuxi\u00e8me rencontre au sommet historique pour l\u2019Ayurv\u00e9da\u00a0- OMS & Minist\u00e8re AYUSH, Jamnagar, Gujarat\u00a0 - SAMA","robots":{"index":"index","follow":"follow","max-snippet":"max-snippet:-1","max-image-preview":"max-image-preview:large","max-video-preview":"max-video-preview:-1"},"canonical":"https:\/\/www.samayurveda.com\/fr\/deuxieme-rencontre-au-sommet-historique-pour-layurveda-oms-ministere-ayush-jamnagar-gujarat\/","og_locale":"fr_FR","og_type":"article","og_title":"Deuxi\u00e8me rencontre au sommet historique pour l\u2019Ayurv\u00e9da\u00a0- OMS & Minist\u00e8re AYUSH, Jamnagar, Gujarat\u00a0 - SAMA","og_description":"Apr\u00e8s la premi\u00e8re r\u00e9union historique de consultation de l&rsquo;OMS en 2018, une deuxi\u00e8me r\u00e9union s&rsquo;est tenue en 2019 \u00e0 Jamnagar, Gujarat, pendant 5 jours intensifs du 26 au 29 novembre 2019.&nbsp; Un groupe d&rsquo;experts indiens et internationaux de 22 nations et de tous les continents s&rsquo;est r\u00e9uni pour travailler sur les guidelines de r\u00e9f\u00e9rence pour [&hellip;]","og_url":"https:\/\/www.samayurveda.com\/fr\/deuxieme-rencontre-au-sommet-historique-pour-layurveda-oms-ministere-ayush-jamnagar-gujarat\/","og_site_name":"SAMA","article_publisher":"https:\/\/www.facebook.com\/p\/SAMA-Swiss-Ayurvedic-Medical-Academy-100065676061693\/","article_published_time":"2019-11-29T11:52:00+00:00","article_modified_time":"2023-09-21T12:02:25+00:00","og_image":[{"width":1261,"height":674,"url":"https:\/\/www.samayurveda.com\/wp-content\/uploads\/2023\/09\/image-1.png","type":"image\/png"}],"author":"admin","twitter_card":"summary_large_image","twitter_misc":{"\u00c9crit par":"admin","Dur\u00e9e de lecture estim\u00e9e":"3 minutes"},"schema":{"@context":"https:\/\/schema.org","@graph":[{"@type":"Article","@id":"https:\/\/www.samayurveda.com\/fr\/deuxieme-rencontre-au-sommet-historique-pour-layurveda-oms-ministere-ayush-jamnagar-gujarat\/#article","isPartOf":{"@id":"https:\/\/www.samayurveda.com\/fr\/deuxieme-rencontre-au-sommet-historique-pour-layurveda-oms-ministere-ayush-jamnagar-gujarat\/"},"author":{"name":"admin","@id":"https:\/\/samayurveda.com\/#\/schema\/person\/61efc479b3e6709e8a9583234fece88e"},"headline":"Deuxi\u00e8me rencontre au sommet historique pour l\u2019Ayurv\u00e9da\u00a0&#8211; OMS &#038; Minist\u00e8re AYUSH, Jamnagar, Gujarat\u00a0","datePublished":"2019-11-29T11:52:00+00:00","dateModified":"2023-09-21T12:02:25+00:00","mainEntityOfPage":{"@id":"https:\/\/www.samayurveda.com\/fr\/deuxieme-rencontre-au-sommet-historique-pour-layurveda-oms-ministere-ayush-jamnagar-gujarat\/"},"wordCount":279,"publisher":{"@id":"https:\/\/samayurveda.com\/#organization"},"keywords":["AYUSH","OMS","WHO"],"articleSection":["Ayurveda international"],"inLanguage":"fr-FR"},{"@type":"WebPage","@id":"https:\/\/www.samayurveda.com\/fr\/deuxieme-rencontre-au-sommet-historique-pour-layurveda-oms-ministere-ayush-jamnagar-gujarat\/","url":"https:\/\/www.samayurveda.com\/fr\/deuxieme-rencontre-au-sommet-historique-pour-layurveda-oms-ministere-ayush-jamnagar-gujarat\/","name":"Deuxi\u00e8me rencontre au sommet historique pour l\u2019Ayurv\u00e9da\u00a0- OMS & Minist\u00e8re AYUSH, Jamnagar, Gujarat\u00a0 - SAMA","isPartOf":{"@id":"https:\/\/samayurveda.com\/#website"},"datePublished":"2019-11-29T11:52:00+00:00","dateModified":"2023-09-21T12:02:25+00:00","breadcrumb":{"@id":"https:\/\/www.samayurveda.com\/fr\/deuxieme-rencontre-au-sommet-historique-pour-layurveda-oms-ministere-ayush-jamnagar-gujarat\/#breadcrumb"},"inLanguage":"fr-FR","potentialAction":[{"@type":"ReadAction","target":["https:\/\/www.samayurveda.com\/fr\/deuxieme-rencontre-au-sommet-historique-pour-layurveda-oms-ministere-ayush-jamnagar-gujarat\/"]}]},{"@type":"BreadcrumbList","@id":"https:\/\/www.samayurveda.com\/fr\/deuxieme-rencontre-au-sommet-historique-pour-layurveda-oms-ministere-ayush-jamnagar-gujarat\/#breadcrumb","itemListElement":[{"@type":"ListItem","position":1,"name":"Home","item":"https:\/\/www.samayurveda.com\/fr\/"},{"@type":"ListItem","position":2,"name":"Deuxi\u00e8me rencontre au sommet historique pour l\u2019Ayurv\u00e9da\u00a0&#8211; OMS &#038; Minist\u00e8re AYUSH, Jamnagar, Gujarat\u00a0"}]},{"@type":"WebSite","@id":"https:\/\/samayurveda.com\/#website","url":"https:\/\/samayurveda.com\/","name":"samayurveda.com","description":"","publisher":{"@id":"https:\/\/samayurveda.com\/#organization"},"potentialAction":[{"@type":"SearchAction","target":{"@type":"EntryPoint","urlTemplate":"https:\/\/samayurveda.com\/?s={search_term_string}"},"query-input":"required name=search_term_string"}],"inLanguage":"fr-FR"},{"@type":"Organization","@id":"https:\/\/samayurveda.com\/#organization","name":"samayurveda.com","url":"https:\/\/samayurveda.com\/","logo":{"@type":"ImageObject","inLanguage":"fr-FR","@id":"https:\/\/samayurveda.com\/#\/schema\/logo\/image\/","url":"https:\/\/www.samayurveda.com\/wp-content\/uploads\/2023\/08\/sama-1-1.png","contentUrl":"https:\/\/www.samayurveda.com\/wp-content\/uploads\/2023\/08\/sama-1-1.png","width":300,"height":157,"caption":"samayurveda.com"},"image":{"@id":"https:\/\/samayurveda.com\/#\/schema\/logo\/image\/"},"sameAs":["https:\/\/www.facebook.com\/p\/SAMA-Swiss-Ayurvedic-Medical-Academy-100065676061693\/"]},{"@type":"Person","@id":"https:\/\/samayurveda.com\/#\/schema\/person\/61efc479b3e6709e8a9583234fece88e","name":"admin","image":{"@type":"ImageObject","inLanguage":"fr-FR","@id":"https:\/\/samayurveda.com\/#\/schema\/person\/image\/","url":"https:\/\/secure.gravatar.com\/avatar\/c44a2a6bb651da836b83163a45e6ee792f21186387b310d10bea153d3f1c0949?s=96&d=mm&r=g","contentUrl":"https:\/\/secure.gravatar.com\/avatar\/c44a2a6bb651da836b83163a45e6ee792f21186387b310d10bea153d3f1c0949?s=96&d=mm&r=g","caption":"admin"},"sameAs":["https:\/\/samayurveda.com"],"url":"https:\/\/www.samayurveda.com\/fr\/author\/charles_wda6r7k7\/"}]}},"_links":{"self":[{"href":"https:\/\/www.samayurveda.com\/fr\/wp-json\/wp\/v2\/posts\/8881","targetHints":{"allow":["GET"]}}],"collection":[{"href":"https:\/\/www.samayurveda.com\/fr\/wp-json\/wp\/v2\/posts"}],"about":[{"href":"https:\/\/www.samayurveda.com\/fr\/wp-json\/wp\/v2\/types\/post"}],"author":[{"embeddable":true,"href":"https:\/\/www.samayurveda.com\/fr\/wp-json\/wp\/v2\/users\/1"}],"replies":[{"embeddable":true,"href":"https:\/\/www.samayurveda.com\/fr\/wp-json\/wp\/v2\/comments?post=8881"}],"version-history":[{"count":5,"href":"https:\/\/www.samayurveda.com\/fr\/wp-json\/wp\/v2\/posts\/8881\/revisions"}],"predecessor-version":[{"id":8913,"href":"https:\/\/www.samayurveda.com\/fr\/wp-json\/wp\/v2\/posts\/8881\/revisions\/8913"}],"wp:featuredmedia":[{"embeddable":true,"href":"https:\/\/www.samayurveda.com\/fr\/wp-json\/wp\/v2\/media\/8887"}],"wp:attachment":[{"href":"https:\/\/www.samayurveda.com\/fr\/wp-json\/wp\/v2\/media?parent=8881"}],"wp:term":[{"taxonomy":"category","embeddable":true,"href":"https:\/\/www.samayurveda.com\/fr\/wp-json\/wp\/v2\/categories?post=8881"},{"taxonomy":"post_tag","embeddable":true,"href":"https:\/\/www.samayurveda.com\/fr\/wp-json\/wp\/v2\/tags?post=8881"}],"curies":[{"name":"wp","href":"https:\/\/api.w.org\/{rel}","templated":true}]}}