{"id":8914,"date":"2020-01-20T12:02:00","date_gmt":"2020-01-20T12:02:00","guid":{"rendered":"https:\/\/www.samayurveda.com\/?p=8914"},"modified":"2023-09-21T12:05:33","modified_gmt":"2023-09-21T12:05:33","slug":"creation-de-la-fmta-association-romande-pour-layurveda","status":"publish","type":"post","link":"https:\/\/www.samayurveda.com\/fr\/creation-de-la-fmta-association-romande-pour-layurveda\/","title":{"rendered":"Cr\u00e9ation de la FMTA\u00a0\u00a0&#8211; Association romande pour l\u2019Ayurv\u00e9da"},"content":{"rendered":"\n<figure class=\"wp-block-image size-full\"><img decoding=\"async\" width=\"244\" height=\"76\" src=\"https:\/\/www.samayurveda.com\/wp-content\/uploads\/2023\/09\/image-6.png\" alt=\"\" class=\"wp-image-8915\"\/><\/figure>\n\n\n\n<p class=\"wp-block-paragraph\">Dans le but d\u2019offrir \u00e0 la Suisse romande une association pour repr\u00e9senter les professionnels de l\u2019Ayurv\u00e9da et promouvoir leurs m\u00e9tiers, la F\u00e9d\u00e9ration de M\u00e9decine et Th\u00e9rapie en Ayurv\u00e9da voit le jour en d\u00e9but 2020.&nbsp;<\/p>\n\n\n\n<p class=\"wp-block-paragraph\">Elle se donne comme mission de repr\u00e9senter la Suisse romande dans la politique professionnelle du pays et lance comme premier projet un programme de formation continue de qualit\u00e9.&nbsp;<\/p>\n","protected":false},"excerpt":{"rendered":"<p>Dans le but d\u2019offrir \u00e0 la Suisse romande une association pour repr\u00e9senter les professionnels de l\u2019Ayurv\u00e9da et promouvoir leurs m\u00e9tiers, la F\u00e9d\u00e9ration de M\u00e9decine et Th\u00e9rapie en Ayurv\u00e9da voit le jour en d\u00e9but 2020.&nbsp; Elle se donne comme mission de repr\u00e9senter la Suisse romande dans la politique professionnelle du pays et lance comme premier projet [&hellip;]<\/p>\n","protected":false},"author":1,"featured_media":8915,"comment_status":"closed","ping_status":"closed","sticky":false,"template":"","format":"standard","meta":{"footnotes":""},"categories":[120],"tags":[125],"class_list":["post-8914","post","type-post","status-publish","format-standard","has-post-thumbnail","hentry","category-ayurveda-suisse","tag-fmta"],"yoast_head":"<!-- This site is optimized with the Yoast SEO plugin v20.12 - https:\/\/yoast.com\/wordpress\/plugins\/seo\/ -->\n<title>Cr\u00e9ation de la FMTA\u00a0\u00a0- Association romande pour l\u2019Ayurv\u00e9da - SAMA<\/title>\n<meta name=\"robots\" content=\"index, follow, max-snippet:-1, max-image-preview:large, max-video-preview:-1\" \/>\n<link rel=\"canonical\" href=\"https:\/\/www.samayurveda.com\/fr\/creation-de-la-fmta-association-romande-pour-layurveda\/\" \/>\n<meta property=\"og:locale\" content=\"fr_FR\" \/>\n<meta property=\"og:type\" content=\"article\" \/>\n<meta property=\"og:title\" content=\"Cr\u00e9ation de la FMTA\u00a0\u00a0- Association romande pour l\u2019Ayurv\u00e9da - SAMA\" \/>\n<meta property=\"og:description\" content=\"Dans le but d\u2019offrir \u00e0 la Suisse romande une association pour repr\u00e9senter les professionnels de l\u2019Ayurv\u00e9da et promouvoir leurs m\u00e9tiers, la F\u00e9d\u00e9ration de M\u00e9decine et Th\u00e9rapie en Ayurv\u00e9da voit le jour en d\u00e9but 2020.&nbsp; Elle se donne comme mission de repr\u00e9senter la Suisse romande dans la politique professionnelle du pays et lance comme premier projet [&hellip;]\" \/>\n<meta property=\"og:url\" content=\"https:\/\/www.samayurveda.com\/fr\/creation-de-la-fmta-association-romande-pour-layurveda\/\" \/>\n<meta property=\"og:site_name\" content=\"SAMA\" \/>\n<meta property=\"article:publisher\" content=\"https:\/\/www.facebook.com\/p\/SAMA-Swiss-Ayurvedic-Medical-Academy-100065676061693\/\" \/>\n<meta property=\"article:published_time\" content=\"2020-01-20T12:02:00+00:00\" \/>\n<meta property=\"article:modified_time\" content=\"2023-09-21T12:05:33+00:00\" \/>\n<meta property=\"og:image\" content=\"https:\/\/www.samayurveda.com\/wp-content\/uploads\/2023\/09\/image-6.png\" \/>\n\t<meta property=\"og:image:width\" content=\"244\" \/>\n\t<meta property=\"og:image:height\" content=\"76\" \/>\n\t<meta property=\"og:image:type\" content=\"image\/png\" \/>\n<meta name=\"author\" content=\"admin\" \/>\n<meta name=\"twitter:card\" content=\"summary_large_image\" \/>\n<meta name=\"twitter:label1\" content=\"\u00c9crit par\" \/>\n\t<meta name=\"twitter:data1\" content=\"admin\" \/>\n\t<meta name=\"twitter:label2\" content=\"Dur\u00e9e de lecture estim\u00e9e\" \/>\n\t<meta name=\"twitter:data2\" content=\"1 minute\" \/>\n<script type=\"application\/ld+json\" class=\"yoast-schema-graph\">{\"@context\":\"https:\/\/schema.org\",\"@graph\":[{\"@type\":\"Article\",\"@id\":\"https:\/\/www.samayurveda.com\/fr\/creation-de-la-fmta-association-romande-pour-layurveda\/#article\",\"isPartOf\":{\"@id\":\"https:\/\/www.samayurveda.com\/fr\/creation-de-la-fmta-association-romande-pour-layurveda\/\"},\"author\":{\"name\":\"admin\",\"@id\":\"https:\/\/samayurveda.com\/#\/schema\/person\/61efc479b3e6709e8a9583234fece88e\"},\"headline\":\"Cr\u00e9ation de la FMTA\u00a0\u00a0&#8211; Association romande pour l\u2019Ayurv\u00e9da\",\"datePublished\":\"2020-01-20T12:02:00+00:00\",\"dateModified\":\"2023-09-21T12:05:33+00:00\",\"mainEntityOfPage\":{\"@id\":\"https:\/\/www.samayurveda.com\/fr\/creation-de-la-fmta-association-romande-pour-layurveda\/\"},\"wordCount\":86,\"publisher\":{\"@id\":\"https:\/\/samayurveda.com\/#organization\"},\"keywords\":[\"FMTA\"],\"articleSection\":[\"Ayurveda Suisse\"],\"inLanguage\":\"fr-FR\"},{\"@type\":\"WebPage\",\"@id\":\"https:\/\/www.samayurveda.com\/fr\/creation-de-la-fmta-association-romande-pour-layurveda\/\",\"url\":\"https:\/\/www.samayurveda.com\/fr\/creation-de-la-fmta-association-romande-pour-layurveda\/\",\"name\":\"Cr\u00e9ation de la FMTA\u00a0\u00a0- Association romande pour l\u2019Ayurv\u00e9da - SAMA\",\"isPartOf\":{\"@id\":\"https:\/\/samayurveda.com\/#website\"},\"datePublished\":\"2020-01-20T12:02:00+00:00\",\"dateModified\":\"2023-09-21T12:05:33+00:00\",\"breadcrumb\":{\"@id\":\"https:\/\/www.samayurveda.com\/fr\/creation-de-la-fmta-association-romande-pour-layurveda\/#breadcrumb\"},\"inLanguage\":\"fr-FR\",\"potentialAction\":[{\"@type\":\"ReadAction\",\"target\":[\"https:\/\/www.samayurveda.com\/fr\/creation-de-la-fmta-association-romande-pour-layurveda\/\"]}]},{\"@type\":\"BreadcrumbList\",\"@id\":\"https:\/\/www.samayurveda.com\/fr\/creation-de-la-fmta-association-romande-pour-layurveda\/#breadcrumb\",\"itemListElement\":[{\"@type\":\"ListItem\",\"position\":1,\"name\":\"Home\",\"item\":\"https:\/\/www.samayurveda.com\/fr\/\"},{\"@type\":\"ListItem\",\"position\":2,\"name\":\"Cr\u00e9ation de la FMTA\u00a0\u00a0&#8211; Association romande pour l\u2019Ayurv\u00e9da\"}]},{\"@type\":\"WebSite\",\"@id\":\"https:\/\/samayurveda.com\/#website\",\"url\":\"https:\/\/samayurveda.com\/\",\"name\":\"samayurveda.com\",\"description\":\"\",\"publisher\":{\"@id\":\"https:\/\/samayurveda.com\/#organization\"},\"potentialAction\":[{\"@type\":\"SearchAction\",\"target\":{\"@type\":\"EntryPoint\",\"urlTemplate\":\"https:\/\/samayurveda.com\/?s={search_term_string}\"},\"query-input\":\"required name=search_term_string\"}],\"inLanguage\":\"fr-FR\"},{\"@type\":\"Organization\",\"@id\":\"https:\/\/samayurveda.com\/#organization\",\"name\":\"samayurveda.com\",\"url\":\"https:\/\/samayurveda.com\/\",\"logo\":{\"@type\":\"ImageObject\",\"inLanguage\":\"fr-FR\",\"@id\":\"https:\/\/samayurveda.com\/#\/schema\/logo\/image\/\",\"url\":\"https:\/\/www.samayurveda.com\/wp-content\/uploads\/2023\/08\/sama-1-1.png\",\"contentUrl\":\"https:\/\/www.samayurveda.com\/wp-content\/uploads\/2023\/08\/sama-1-1.png\",\"width\":300,\"height\":157,\"caption\":\"samayurveda.com\"},\"image\":{\"@id\":\"https:\/\/samayurveda.com\/#\/schema\/logo\/image\/\"},\"sameAs\":[\"https:\/\/www.facebook.com\/p\/SAMA-Swiss-Ayurvedic-Medical-Academy-100065676061693\/\"]},{\"@type\":\"Person\",\"@id\":\"https:\/\/samayurveda.com\/#\/schema\/person\/61efc479b3e6709e8a9583234fece88e\",\"name\":\"admin\",\"image\":{\"@type\":\"ImageObject\",\"inLanguage\":\"fr-FR\",\"@id\":\"https:\/\/samayurveda.com\/#\/schema\/person\/image\/\",\"url\":\"https:\/\/secure.gravatar.com\/avatar\/c44a2a6bb651da836b83163a45e6ee792f21186387b310d10bea153d3f1c0949?s=96&d=mm&r=g\",\"contentUrl\":\"https:\/\/secure.gravatar.com\/avatar\/c44a2a6bb651da836b83163a45e6ee792f21186387b310d10bea153d3f1c0949?s=96&d=mm&r=g\",\"caption\":\"admin\"},\"sameAs\":[\"https:\/\/samayurveda.com\"],\"url\":\"https:\/\/www.samayurveda.com\/fr\/author\/charles_wda6r7k7\/\"}]}<\/script>\n<!-- \/ Yoast SEO plugin. -->","yoast_head_json":{"title":"Cr\u00e9ation de la FMTA\u00a0\u00a0- Association romande pour l\u2019Ayurv\u00e9da - SAMA","robots":{"index":"index","follow":"follow","max-snippet":"max-snippet:-1","max-image-preview":"max-image-preview:large","max-video-preview":"max-video-preview:-1"},"canonical":"https:\/\/www.samayurveda.com\/fr\/creation-de-la-fmta-association-romande-pour-layurveda\/","og_locale":"fr_FR","og_type":"article","og_title":"Cr\u00e9ation de la FMTA\u00a0\u00a0- Association romande pour l\u2019Ayurv\u00e9da - SAMA","og_description":"Dans le but d\u2019offrir \u00e0 la Suisse romande une association pour repr\u00e9senter les professionnels de l\u2019Ayurv\u00e9da et promouvoir leurs m\u00e9tiers, la F\u00e9d\u00e9ration de M\u00e9decine et Th\u00e9rapie en Ayurv\u00e9da voit le jour en d\u00e9but 2020.&nbsp; Elle se donne comme mission de repr\u00e9senter la Suisse romande dans la politique professionnelle du pays et lance comme premier projet [&hellip;]","og_url":"https:\/\/www.samayurveda.com\/fr\/creation-de-la-fmta-association-romande-pour-layurveda\/","og_site_name":"SAMA","article_publisher":"https:\/\/www.facebook.com\/p\/SAMA-Swiss-Ayurvedic-Medical-Academy-100065676061693\/","article_published_time":"2020-01-20T12:02:00+00:00","article_modified_time":"2023-09-21T12:05:33+00:00","og_image":[{"width":244,"height":76,"url":"https:\/\/www.samayurveda.com\/wp-content\/uploads\/2023\/09\/image-6.png","type":"image\/png"}],"author":"admin","twitter_card":"summary_large_image","twitter_misc":{"\u00c9crit par":"admin","Dur\u00e9e de lecture estim\u00e9e":"1 minute"},"schema":{"@context":"https:\/\/schema.org","@graph":[{"@type":"Article","@id":"https:\/\/www.samayurveda.com\/fr\/creation-de-la-fmta-association-romande-pour-layurveda\/#article","isPartOf":{"@id":"https:\/\/www.samayurveda.com\/fr\/creation-de-la-fmta-association-romande-pour-layurveda\/"},"author":{"name":"admin","@id":"https:\/\/samayurveda.com\/#\/schema\/person\/61efc479b3e6709e8a9583234fece88e"},"headline":"Cr\u00e9ation de la FMTA\u00a0\u00a0&#8211; Association romande pour l\u2019Ayurv\u00e9da","datePublished":"2020-01-20T12:02:00+00:00","dateModified":"2023-09-21T12:05:33+00:00","mainEntityOfPage":{"@id":"https:\/\/www.samayurveda.com\/fr\/creation-de-la-fmta-association-romande-pour-layurveda\/"},"wordCount":86,"publisher":{"@id":"https:\/\/samayurveda.com\/#organization"},"keywords":["FMTA"],"articleSection":["Ayurveda Suisse"],"inLanguage":"fr-FR"},{"@type":"WebPage","@id":"https:\/\/www.samayurveda.com\/fr\/creation-de-la-fmta-association-romande-pour-layurveda\/","url":"https:\/\/www.samayurveda.com\/fr\/creation-de-la-fmta-association-romande-pour-layurveda\/","name":"Cr\u00e9ation de la FMTA\u00a0\u00a0- Association romande pour l\u2019Ayurv\u00e9da - SAMA","isPartOf":{"@id":"https:\/\/samayurveda.com\/#website"},"datePublished":"2020-01-20T12:02:00+00:00","dateModified":"2023-09-21T12:05:33+00:00","breadcrumb":{"@id":"https:\/\/www.samayurveda.com\/fr\/creation-de-la-fmta-association-romande-pour-layurveda\/#breadcrumb"},"inLanguage":"fr-FR","potentialAction":[{"@type":"ReadAction","target":["https:\/\/www.samayurveda.com\/fr\/creation-de-la-fmta-association-romande-pour-layurveda\/"]}]},{"@type":"BreadcrumbList","@id":"https:\/\/www.samayurveda.com\/fr\/creation-de-la-fmta-association-romande-pour-layurveda\/#breadcrumb","itemListElement":[{"@type":"ListItem","position":1,"name":"Home","item":"https:\/\/www.samayurveda.com\/fr\/"},{"@type":"ListItem","position":2,"name":"Cr\u00e9ation de la FMTA\u00a0\u00a0&#8211; Association romande pour l\u2019Ayurv\u00e9da"}]},{"@type":"WebSite","@id":"https:\/\/samayurveda.com\/#website","url":"https:\/\/samayurveda.com\/","name":"samayurveda.com","description":"","publisher":{"@id":"https:\/\/samayurveda.com\/#organization"},"potentialAction":[{"@type":"SearchAction","target":{"@type":"EntryPoint","urlTemplate":"https:\/\/samayurveda.com\/?s={search_term_string}"},"query-input":"required name=search_term_string"}],"inLanguage":"fr-FR"},{"@type":"Organization","@id":"https:\/\/samayurveda.com\/#organization","name":"samayurveda.com","url":"https:\/\/samayurveda.com\/","logo":{"@type":"ImageObject","inLanguage":"fr-FR","@id":"https:\/\/samayurveda.com\/#\/schema\/logo\/image\/","url":"https:\/\/www.samayurveda.com\/wp-content\/uploads\/2023\/08\/sama-1-1.png","contentUrl":"https:\/\/www.samayurveda.com\/wp-content\/uploads\/2023\/08\/sama-1-1.png","width":300,"height":157,"caption":"samayurveda.com"},"image":{"@id":"https:\/\/samayurveda.com\/#\/schema\/logo\/image\/"},"sameAs":["https:\/\/www.facebook.com\/p\/SAMA-Swiss-Ayurvedic-Medical-Academy-100065676061693\/"]},{"@type":"Person","@id":"https:\/\/samayurveda.com\/#\/schema\/person\/61efc479b3e6709e8a9583234fece88e","name":"admin","image":{"@type":"ImageObject","inLanguage":"fr-FR","@id":"https:\/\/samayurveda.com\/#\/schema\/person\/image\/","url":"https:\/\/secure.gravatar.com\/avatar\/c44a2a6bb651da836b83163a45e6ee792f21186387b310d10bea153d3f1c0949?s=96&d=mm&r=g","contentUrl":"https:\/\/secure.gravatar.com\/avatar\/c44a2a6bb651da836b83163a45e6ee792f21186387b310d10bea153d3f1c0949?s=96&d=mm&r=g","caption":"admin"},"sameAs":["https:\/\/samayurveda.com"],"url":"https:\/\/www.samayurveda.com\/fr\/author\/charles_wda6r7k7\/"}]}},"_links":{"self":[{"href":"https:\/\/www.samayurveda.com\/fr\/wp-json\/wp\/v2\/posts\/8914","targetHints":{"allow":["GET"]}}],"collection":[{"href":"https:\/\/www.samayurveda.com\/fr\/wp-json\/wp\/v2\/posts"}],"about":[{"href":"https:\/\/www.samayurveda.com\/fr\/wp-json\/wp\/v2\/types\/post"}],"author":[{"embeddable":true,"href":"https:\/\/www.samayurveda.com\/fr\/wp-json\/wp\/v2\/users\/1"}],"replies":[{"embeddable":true,"href":"https:\/\/www.samayurveda.com\/fr\/wp-json\/wp\/v2\/comments?post=8914"}],"version-history":[{"count":1,"href":"https:\/\/www.samayurveda.com\/fr\/wp-json\/wp\/v2\/posts\/8914\/revisions"}],"predecessor-version":[{"id":8917,"href":"https:\/\/www.samayurveda.com\/fr\/wp-json\/wp\/v2\/posts\/8914\/revisions\/8917"}],"wp:featuredmedia":[{"embeddable":true,"href":"https:\/\/www.samayurveda.com\/fr\/wp-json\/wp\/v2\/media\/8915"}],"wp:attachment":[{"href":"https:\/\/www.samayurveda.com\/fr\/wp-json\/wp\/v2\/media?parent=8914"}],"wp:term":[{"taxonomy":"category","embeddable":true,"href":"https:\/\/www.samayurveda.com\/fr\/wp-json\/wp\/v2\/categories?post=8914"},{"taxonomy":"post_tag","embeddable":true,"href":"https:\/\/www.samayurveda.com\/fr\/wp-json\/wp\/v2\/tags?post=8914"}],"curies":[{"name":"wp","href":"https:\/\/api.w.org\/{rel}","templated":true}]}}