{"id":8918,"date":"2020-01-22T12:06:00","date_gmt":"2020-01-22T12:06:00","guid":{"rendered":"https:\/\/www.samayurveda.com\/?p=8918"},"modified":"2023-09-21T12:08:35","modified_gmt":"2023-09-21T12:08:35","slug":"sama-se-restructure-et-enfante-dravya-limport-et-la-vente-de-produits-sont-deleguees","status":"publish","type":"post","link":"https:\/\/www.samayurveda.com\/fr\/sama-se-restructure-et-enfante-dravya-limport-et-la-vente-de-produits-sont-deleguees\/","title":{"rendered":"SAMA se restructure et enfante DRAVYA\u00a0&#8211; L\u2019import et la vente de produits sont d\u00e9l\u00e9gu\u00e9es\u00a0\u00a0"},"content":{"rendered":"\n<figure class=\"wp-block-image size-full\"><img decoding=\"async\" width=\"253\" height=\"253\" src=\"https:\/\/www.samayurveda.com\/wp-content\/uploads\/2023\/09\/image-2.jpeg\" alt=\"\" class=\"wp-image-8919\" srcset=\"https:\/\/www.samayurveda.com\/wp-content\/uploads\/2023\/09\/image-2.jpeg 253w, https:\/\/www.samayurveda.com\/wp-content\/uploads\/2023\/09\/image-2-150x150.jpeg 150w\" sizes=\"(max-width: 253px) 100vw, 253px\" \/><\/figure>\n\n\n\n<p class=\"wp-block-paragraph\">Dans le cadre de la r\u00e9forme, la consolidation et le d\u00e9veloppement de ses activit\u00e9s, SAMA cr\u00e9e de nouvelles entit\u00e9s dans les diff\u00e9rents domaines.&nbsp;&nbsp;<\/p>\n\n\n\n<p class=\"wp-block-paragraph\">Dravya est une joint-venture de SAMA et de l\u2019association Na\u00efst\u00e9 dans le but de pr\u00e9parer les futures cha\u00eenes d\u2019approvisionnement des produits m\u00e9dicaux ayurv\u00e9diques. Les produits seront import\u00e9s, distribu\u00e9s et vendus par l\u2019unit\u00e9\u202f<a href=\"https:\/\/www.samayurveda.com\/fr\/produits\/\" target=\"_blank\" rel=\"noreferrer noopener\">Dravya<\/a>\u202fde l\u2019association Na\u00efst\u00e9 \u00e0 Lausanne.&nbsp;<\/p>\n","protected":false},"excerpt":{"rendered":"<p>Dans le cadre de la r\u00e9forme, la consolidation et le d\u00e9veloppement de ses activit\u00e9s, SAMA cr\u00e9e de nouvelles entit\u00e9s dans les diff\u00e9rents domaines.&nbsp;&nbsp; Dravya est une joint-venture de SAMA et de l\u2019association Na\u00efst\u00e9 dans le but de pr\u00e9parer les futures cha\u00eenes d\u2019approvisionnement des produits m\u00e9dicaux ayurv\u00e9diques. Les produits seront import\u00e9s, distribu\u00e9s et vendus par l\u2019unit\u00e9\u202fDravya\u202fde [&hellip;]<\/p>\n","protected":false},"author":1,"featured_media":8919,"comment_status":"closed","ping_status":"closed","sticky":false,"template":"","format":"standard","meta":{"footnotes":""},"categories":[121],"tags":[126],"class_list":["post-8918","post","type-post","status-publish","format-standard","has-post-thumbnail","hentry","category-sama","tag-dravya"],"yoast_head":"<!-- This site is optimized with the Yoast SEO plugin v20.12 - https:\/\/yoast.com\/wordpress\/plugins\/seo\/ -->\n<title>SAMA se restructure et enfante DRAVYA\u00a0- L\u2019import et la vente de produits sont d\u00e9l\u00e9gu\u00e9es\u00a0\u00a0 - SAMA<\/title>\n<meta name=\"robots\" content=\"index, follow, max-snippet:-1, max-image-preview:large, max-video-preview:-1\" \/>\n<link rel=\"canonical\" href=\"https:\/\/www.samayurveda.com\/fr\/sama-se-restructure-et-enfante-dravya-limport-et-la-vente-de-produits-sont-deleguees\/\" \/>\n<meta property=\"og:locale\" content=\"fr_FR\" \/>\n<meta property=\"og:type\" content=\"article\" \/>\n<meta property=\"og:title\" content=\"SAMA se restructure et enfante DRAVYA\u00a0- L\u2019import et la vente de produits sont d\u00e9l\u00e9gu\u00e9es\u00a0\u00a0 - SAMA\" \/>\n<meta property=\"og:description\" content=\"Dans le cadre de la r\u00e9forme, la consolidation et le d\u00e9veloppement de ses activit\u00e9s, SAMA cr\u00e9e de nouvelles entit\u00e9s dans les diff\u00e9rents domaines.&nbsp;&nbsp; Dravya est une joint-venture de SAMA et de l\u2019association Na\u00efst\u00e9 dans le but de pr\u00e9parer les futures cha\u00eenes d\u2019approvisionnement des produits m\u00e9dicaux ayurv\u00e9diques. Les produits seront import\u00e9s, distribu\u00e9s et vendus par l\u2019unit\u00e9\u202fDravya\u202fde [&hellip;]\" \/>\n<meta property=\"og:url\" content=\"https:\/\/www.samayurveda.com\/fr\/sama-se-restructure-et-enfante-dravya-limport-et-la-vente-de-produits-sont-deleguees\/\" \/>\n<meta property=\"og:site_name\" content=\"SAMA\" \/>\n<meta property=\"article:publisher\" content=\"https:\/\/www.facebook.com\/p\/SAMA-Swiss-Ayurvedic-Medical-Academy-100065676061693\/\" \/>\n<meta property=\"article:published_time\" content=\"2020-01-22T12:06:00+00:00\" \/>\n<meta property=\"article:modified_time\" content=\"2023-09-21T12:08:35+00:00\" \/>\n<meta property=\"og:image\" content=\"https:\/\/www.samayurveda.com\/wp-content\/uploads\/2023\/09\/image-2.jpeg\" \/>\n\t<meta property=\"og:image:width\" content=\"253\" \/>\n\t<meta property=\"og:image:height\" content=\"253\" \/>\n\t<meta property=\"og:image:type\" content=\"image\/jpeg\" \/>\n<meta name=\"author\" content=\"admin\" \/>\n<meta name=\"twitter:card\" content=\"summary_large_image\" \/>\n<meta name=\"twitter:label1\" content=\"\u00c9crit par\" \/>\n\t<meta name=\"twitter:data1\" content=\"admin\" \/>\n\t<meta name=\"twitter:label2\" content=\"Dur\u00e9e de lecture estim\u00e9e\" \/>\n\t<meta name=\"twitter:data2\" content=\"1 minute\" \/>\n<script type=\"application\/ld+json\" class=\"yoast-schema-graph\">{\"@context\":\"https:\/\/schema.org\",\"@graph\":[{\"@type\":\"Article\",\"@id\":\"https:\/\/www.samayurveda.com\/fr\/sama-se-restructure-et-enfante-dravya-limport-et-la-vente-de-produits-sont-deleguees\/#article\",\"isPartOf\":{\"@id\":\"https:\/\/www.samayurveda.com\/fr\/sama-se-restructure-et-enfante-dravya-limport-et-la-vente-de-produits-sont-deleguees\/\"},\"author\":{\"name\":\"admin\",\"@id\":\"https:\/\/samayurveda.com\/#\/schema\/person\/61efc479b3e6709e8a9583234fece88e\"},\"headline\":\"SAMA se restructure et enfante DRAVYA\u00a0&#8211; L\u2019import et la vente de produits sont d\u00e9l\u00e9gu\u00e9es\u00a0\u00a0\",\"datePublished\":\"2020-01-22T12:06:00+00:00\",\"dateModified\":\"2023-09-21T12:08:35+00:00\",\"mainEntityOfPage\":{\"@id\":\"https:\/\/www.samayurveda.com\/fr\/sama-se-restructure-et-enfante-dravya-limport-et-la-vente-de-produits-sont-deleguees\/\"},\"wordCount\":100,\"publisher\":{\"@id\":\"https:\/\/samayurveda.com\/#organization\"},\"keywords\":[\"dravya\"],\"articleSection\":[\"SAMA\"],\"inLanguage\":\"fr-FR\"},{\"@type\":\"WebPage\",\"@id\":\"https:\/\/www.samayurveda.com\/fr\/sama-se-restructure-et-enfante-dravya-limport-et-la-vente-de-produits-sont-deleguees\/\",\"url\":\"https:\/\/www.samayurveda.com\/fr\/sama-se-restructure-et-enfante-dravya-limport-et-la-vente-de-produits-sont-deleguees\/\",\"name\":\"SAMA se restructure et enfante DRAVYA\u00a0- L\u2019import et la vente de produits sont d\u00e9l\u00e9gu\u00e9es\u00a0\u00a0 - SAMA\",\"isPartOf\":{\"@id\":\"https:\/\/samayurveda.com\/#website\"},\"datePublished\":\"2020-01-22T12:06:00+00:00\",\"dateModified\":\"2023-09-21T12:08:35+00:00\",\"breadcrumb\":{\"@id\":\"https:\/\/www.samayurveda.com\/fr\/sama-se-restructure-et-enfante-dravya-limport-et-la-vente-de-produits-sont-deleguees\/#breadcrumb\"},\"inLanguage\":\"fr-FR\",\"potentialAction\":[{\"@type\":\"ReadAction\",\"target\":[\"https:\/\/www.samayurveda.com\/fr\/sama-se-restructure-et-enfante-dravya-limport-et-la-vente-de-produits-sont-deleguees\/\"]}]},{\"@type\":\"BreadcrumbList\",\"@id\":\"https:\/\/www.samayurveda.com\/fr\/sama-se-restructure-et-enfante-dravya-limport-et-la-vente-de-produits-sont-deleguees\/#breadcrumb\",\"itemListElement\":[{\"@type\":\"ListItem\",\"position\":1,\"name\":\"Home\",\"item\":\"https:\/\/www.samayurveda.com\/fr\/\"},{\"@type\":\"ListItem\",\"position\":2,\"name\":\"SAMA se restructure et enfante DRAVYA\u00a0&#8211; L\u2019import et la vente de produits sont d\u00e9l\u00e9gu\u00e9es\u00a0\u00a0\"}]},{\"@type\":\"WebSite\",\"@id\":\"https:\/\/samayurveda.com\/#website\",\"url\":\"https:\/\/samayurveda.com\/\",\"name\":\"samayurveda.com\",\"description\":\"\",\"publisher\":{\"@id\":\"https:\/\/samayurveda.com\/#organization\"},\"potentialAction\":[{\"@type\":\"SearchAction\",\"target\":{\"@type\":\"EntryPoint\",\"urlTemplate\":\"https:\/\/samayurveda.com\/?s={search_term_string}\"},\"query-input\":\"required name=search_term_string\"}],\"inLanguage\":\"fr-FR\"},{\"@type\":\"Organization\",\"@id\":\"https:\/\/samayurveda.com\/#organization\",\"name\":\"samayurveda.com\",\"url\":\"https:\/\/samayurveda.com\/\",\"logo\":{\"@type\":\"ImageObject\",\"inLanguage\":\"fr-FR\",\"@id\":\"https:\/\/samayurveda.com\/#\/schema\/logo\/image\/\",\"url\":\"https:\/\/www.samayurveda.com\/wp-content\/uploads\/2023\/08\/sama-1-1.png\",\"contentUrl\":\"https:\/\/www.samayurveda.com\/wp-content\/uploads\/2023\/08\/sama-1-1.png\",\"width\":300,\"height\":157,\"caption\":\"samayurveda.com\"},\"image\":{\"@id\":\"https:\/\/samayurveda.com\/#\/schema\/logo\/image\/\"},\"sameAs\":[\"https:\/\/www.facebook.com\/p\/SAMA-Swiss-Ayurvedic-Medical-Academy-100065676061693\/\"]},{\"@type\":\"Person\",\"@id\":\"https:\/\/samayurveda.com\/#\/schema\/person\/61efc479b3e6709e8a9583234fece88e\",\"name\":\"admin\",\"image\":{\"@type\":\"ImageObject\",\"inLanguage\":\"fr-FR\",\"@id\":\"https:\/\/samayurveda.com\/#\/schema\/person\/image\/\",\"url\":\"https:\/\/secure.gravatar.com\/avatar\/c44a2a6bb651da836b83163a45e6ee792f21186387b310d10bea153d3f1c0949?s=96&d=mm&r=g\",\"contentUrl\":\"https:\/\/secure.gravatar.com\/avatar\/c44a2a6bb651da836b83163a45e6ee792f21186387b310d10bea153d3f1c0949?s=96&d=mm&r=g\",\"caption\":\"admin\"},\"sameAs\":[\"https:\/\/samayurveda.com\"],\"url\":\"https:\/\/www.samayurveda.com\/fr\/author\/charles_wda6r7k7\/\"}]}<\/script>\n<!-- \/ Yoast SEO plugin. -->","yoast_head_json":{"title":"SAMA se restructure et enfante DRAVYA\u00a0- L\u2019import et la vente de produits sont d\u00e9l\u00e9gu\u00e9es\u00a0\u00a0 - SAMA","robots":{"index":"index","follow":"follow","max-snippet":"max-snippet:-1","max-image-preview":"max-image-preview:large","max-video-preview":"max-video-preview:-1"},"canonical":"https:\/\/www.samayurveda.com\/fr\/sama-se-restructure-et-enfante-dravya-limport-et-la-vente-de-produits-sont-deleguees\/","og_locale":"fr_FR","og_type":"article","og_title":"SAMA se restructure et enfante DRAVYA\u00a0- L\u2019import et la vente de produits sont d\u00e9l\u00e9gu\u00e9es\u00a0\u00a0 - SAMA","og_description":"Dans le cadre de la r\u00e9forme, la consolidation et le d\u00e9veloppement de ses activit\u00e9s, SAMA cr\u00e9e de nouvelles entit\u00e9s dans les diff\u00e9rents domaines.&nbsp;&nbsp; Dravya est une joint-venture de SAMA et de l\u2019association Na\u00efst\u00e9 dans le but de pr\u00e9parer les futures cha\u00eenes d\u2019approvisionnement des produits m\u00e9dicaux ayurv\u00e9diques. Les produits seront import\u00e9s, distribu\u00e9s et vendus par l\u2019unit\u00e9\u202fDravya\u202fde [&hellip;]","og_url":"https:\/\/www.samayurveda.com\/fr\/sama-se-restructure-et-enfante-dravya-limport-et-la-vente-de-produits-sont-deleguees\/","og_site_name":"SAMA","article_publisher":"https:\/\/www.facebook.com\/p\/SAMA-Swiss-Ayurvedic-Medical-Academy-100065676061693\/","article_published_time":"2020-01-22T12:06:00+00:00","article_modified_time":"2023-09-21T12:08:35+00:00","og_image":[{"width":253,"height":253,"url":"https:\/\/www.samayurveda.com\/wp-content\/uploads\/2023\/09\/image-2.jpeg","type":"image\/jpeg"}],"author":"admin","twitter_card":"summary_large_image","twitter_misc":{"\u00c9crit par":"admin","Dur\u00e9e de lecture estim\u00e9e":"1 minute"},"schema":{"@context":"https:\/\/schema.org","@graph":[{"@type":"Article","@id":"https:\/\/www.samayurveda.com\/fr\/sama-se-restructure-et-enfante-dravya-limport-et-la-vente-de-produits-sont-deleguees\/#article","isPartOf":{"@id":"https:\/\/www.samayurveda.com\/fr\/sama-se-restructure-et-enfante-dravya-limport-et-la-vente-de-produits-sont-deleguees\/"},"author":{"name":"admin","@id":"https:\/\/samayurveda.com\/#\/schema\/person\/61efc479b3e6709e8a9583234fece88e"},"headline":"SAMA se restructure et enfante DRAVYA\u00a0&#8211; L\u2019import et la vente de produits sont d\u00e9l\u00e9gu\u00e9es\u00a0\u00a0","datePublished":"2020-01-22T12:06:00+00:00","dateModified":"2023-09-21T12:08:35+00:00","mainEntityOfPage":{"@id":"https:\/\/www.samayurveda.com\/fr\/sama-se-restructure-et-enfante-dravya-limport-et-la-vente-de-produits-sont-deleguees\/"},"wordCount":100,"publisher":{"@id":"https:\/\/samayurveda.com\/#organization"},"keywords":["dravya"],"articleSection":["SAMA"],"inLanguage":"fr-FR"},{"@type":"WebPage","@id":"https:\/\/www.samayurveda.com\/fr\/sama-se-restructure-et-enfante-dravya-limport-et-la-vente-de-produits-sont-deleguees\/","url":"https:\/\/www.samayurveda.com\/fr\/sama-se-restructure-et-enfante-dravya-limport-et-la-vente-de-produits-sont-deleguees\/","name":"SAMA se restructure et enfante DRAVYA\u00a0- L\u2019import et la vente de produits sont d\u00e9l\u00e9gu\u00e9es\u00a0\u00a0 - SAMA","isPartOf":{"@id":"https:\/\/samayurveda.com\/#website"},"datePublished":"2020-01-22T12:06:00+00:00","dateModified":"2023-09-21T12:08:35+00:00","breadcrumb":{"@id":"https:\/\/www.samayurveda.com\/fr\/sama-se-restructure-et-enfante-dravya-limport-et-la-vente-de-produits-sont-deleguees\/#breadcrumb"},"inLanguage":"fr-FR","potentialAction":[{"@type":"ReadAction","target":["https:\/\/www.samayurveda.com\/fr\/sama-se-restructure-et-enfante-dravya-limport-et-la-vente-de-produits-sont-deleguees\/"]}]},{"@type":"BreadcrumbList","@id":"https:\/\/www.samayurveda.com\/fr\/sama-se-restructure-et-enfante-dravya-limport-et-la-vente-de-produits-sont-deleguees\/#breadcrumb","itemListElement":[{"@type":"ListItem","position":1,"name":"Home","item":"https:\/\/www.samayurveda.com\/fr\/"},{"@type":"ListItem","position":2,"name":"SAMA se restructure et enfante DRAVYA\u00a0&#8211; L\u2019import et la vente de produits sont d\u00e9l\u00e9gu\u00e9es\u00a0\u00a0"}]},{"@type":"WebSite","@id":"https:\/\/samayurveda.com\/#website","url":"https:\/\/samayurveda.com\/","name":"samayurveda.com","description":"","publisher":{"@id":"https:\/\/samayurveda.com\/#organization"},"potentialAction":[{"@type":"SearchAction","target":{"@type":"EntryPoint","urlTemplate":"https:\/\/samayurveda.com\/?s={search_term_string}"},"query-input":"required name=search_term_string"}],"inLanguage":"fr-FR"},{"@type":"Organization","@id":"https:\/\/samayurveda.com\/#organization","name":"samayurveda.com","url":"https:\/\/samayurveda.com\/","logo":{"@type":"ImageObject","inLanguage":"fr-FR","@id":"https:\/\/samayurveda.com\/#\/schema\/logo\/image\/","url":"https:\/\/www.samayurveda.com\/wp-content\/uploads\/2023\/08\/sama-1-1.png","contentUrl":"https:\/\/www.samayurveda.com\/wp-content\/uploads\/2023\/08\/sama-1-1.png","width":300,"height":157,"caption":"samayurveda.com"},"image":{"@id":"https:\/\/samayurveda.com\/#\/schema\/logo\/image\/"},"sameAs":["https:\/\/www.facebook.com\/p\/SAMA-Swiss-Ayurvedic-Medical-Academy-100065676061693\/"]},{"@type":"Person","@id":"https:\/\/samayurveda.com\/#\/schema\/person\/61efc479b3e6709e8a9583234fece88e","name":"admin","image":{"@type":"ImageObject","inLanguage":"fr-FR","@id":"https:\/\/samayurveda.com\/#\/schema\/person\/image\/","url":"https:\/\/secure.gravatar.com\/avatar\/c44a2a6bb651da836b83163a45e6ee792f21186387b310d10bea153d3f1c0949?s=96&d=mm&r=g","contentUrl":"https:\/\/secure.gravatar.com\/avatar\/c44a2a6bb651da836b83163a45e6ee792f21186387b310d10bea153d3f1c0949?s=96&d=mm&r=g","caption":"admin"},"sameAs":["https:\/\/samayurveda.com"],"url":"https:\/\/www.samayurveda.com\/fr\/author\/charles_wda6r7k7\/"}]}},"_links":{"self":[{"href":"https:\/\/www.samayurveda.com\/fr\/wp-json\/wp\/v2\/posts\/8918","targetHints":{"allow":["GET"]}}],"collection":[{"href":"https:\/\/www.samayurveda.com\/fr\/wp-json\/wp\/v2\/posts"}],"about":[{"href":"https:\/\/www.samayurveda.com\/fr\/wp-json\/wp\/v2\/types\/post"}],"author":[{"embeddable":true,"href":"https:\/\/www.samayurveda.com\/fr\/wp-json\/wp\/v2\/users\/1"}],"replies":[{"embeddable":true,"href":"https:\/\/www.samayurveda.com\/fr\/wp-json\/wp\/v2\/comments?post=8918"}],"version-history":[{"count":2,"href":"https:\/\/www.samayurveda.com\/fr\/wp-json\/wp\/v2\/posts\/8918\/revisions"}],"predecessor-version":[{"id":8922,"href":"https:\/\/www.samayurveda.com\/fr\/wp-json\/wp\/v2\/posts\/8918\/revisions\/8922"}],"wp:featuredmedia":[{"embeddable":true,"href":"https:\/\/www.samayurveda.com\/fr\/wp-json\/wp\/v2\/media\/8919"}],"wp:attachment":[{"href":"https:\/\/www.samayurveda.com\/fr\/wp-json\/wp\/v2\/media?parent=8918"}],"wp:term":[{"taxonomy":"category","embeddable":true,"href":"https:\/\/www.samayurveda.com\/fr\/wp-json\/wp\/v2\/categories?post=8918"},{"taxonomy":"post_tag","embeddable":true,"href":"https:\/\/www.samayurveda.com\/fr\/wp-json\/wp\/v2\/tags?post=8918"}],"curies":[{"name":"wp","href":"https:\/\/api.w.org\/{rel}","templated":true}]}}