{"id":8923,"date":"2020-01-24T12:08:00","date_gmt":"2020-01-24T12:08:00","guid":{"rendered":"https:\/\/www.samayurveda.com\/?p=8923"},"modified":"2023-09-21T12:10:17","modified_gmt":"2023-09-21T12:10:17","slug":"lancement-de-la-nouvelle-formation-medvaidya-formation-de-medecine-ayurvedique","status":"publish","type":"post","link":"https:\/\/www.samayurveda.com\/fr\/lancement-de-la-nouvelle-formation-medvaidya-formation-de-medecine-ayurvedique\/","title":{"rendered":"Lancement de la nouvelle formation MedVaidya &#8211; Formation de m\u00e9decine ayurv\u00e9dique\u00a0"},"content":{"rendered":"\n<figure class=\"wp-block-image size-full\"><img decoding=\"async\" width=\"387\" height=\"101\" src=\"https:\/\/www.samayurveda.com\/wp-content\/uploads\/2023\/09\/image-7.png\" alt=\"\" class=\"wp-image-8924\" srcset=\"https:\/\/www.samayurveda.com\/wp-content\/uploads\/2023\/09\/image-7.png 387w, https:\/\/www.samayurveda.com\/wp-content\/uploads\/2023\/09\/image-7-300x78.png 300w\" sizes=\"(max-width: 387px) 100vw, 387px\" \/><\/figure>\n\n\n\n<p class=\"wp-block-paragraph\">Suite \u00e0 la phase pilote du programme MedVaidya qui se termine de mani\u00e8re concluante en 2019, SAMA lance la nouvelle formation MedVaidya en 2020. C\u2019est une mise \u00e0 niveau avec l\u2019int\u00e9gration de nouvelles technologies, d\u2019un nouveau concept didactique et d\u2019une nouvelle \u00e9quipe acad\u00e9mique.&nbsp;<\/p>\n\n\n\n<p class=\"wp-block-paragraph\">La premi\u00e8re promotion qui d\u00e9bute en septembre 2020 est compos\u00e9e de m\u00e9decins pour lesquels MedVaidya est une formation post-grade ainsi que d\u2019\u00e9tudiants qui n\u2019ont pas de formation pr\u00e9alable dans le domaine m\u00e9dicale, et pour lesquels MedVaidya repr\u00e9sente un premier cycle, soit sous forme d\u2019une r\u00e9orientation professionnelle, soit en lieu et place d\u2019une formation universitaire.&nbsp;<\/p>\n","protected":false},"excerpt":{"rendered":"<p>Suite \u00e0 la phase pilote du programme MedVaidya qui se termine de mani\u00e8re concluante en 2019, SAMA lance la nouvelle formation MedVaidya en 2020. C\u2019est une mise \u00e0 niveau avec l\u2019int\u00e9gration de nouvelles technologies, d\u2019un nouveau concept didactique et d\u2019une nouvelle \u00e9quipe acad\u00e9mique.&nbsp; La premi\u00e8re promotion qui d\u00e9bute en septembre 2020 est compos\u00e9e de m\u00e9decins [&hellip;]<\/p>\n","protected":false},"author":1,"featured_media":8924,"comment_status":"closed","ping_status":"closed","sticky":false,"template":"","format":"standard","meta":{"footnotes":""},"categories":[121],"tags":[127],"class_list":["post-8923","post","type-post","status-publish","format-standard","has-post-thumbnail","hentry","category-sama","tag-medvaidya"],"yoast_head":"<!-- This site is optimized with the Yoast SEO plugin v20.12 - https:\/\/yoast.com\/wordpress\/plugins\/seo\/ -->\n<title>Lancement de la nouvelle formation MedVaidya - Formation de m\u00e9decine ayurv\u00e9dique\u00a0 - SAMA<\/title>\n<meta name=\"robots\" content=\"index, follow, max-snippet:-1, max-image-preview:large, max-video-preview:-1\" \/>\n<link rel=\"canonical\" href=\"https:\/\/www.samayurveda.com\/fr\/lancement-de-la-nouvelle-formation-medvaidya-formation-de-medecine-ayurvedique\/\" \/>\n<meta property=\"og:locale\" content=\"fr_FR\" \/>\n<meta property=\"og:type\" content=\"article\" \/>\n<meta property=\"og:title\" content=\"Lancement de la nouvelle formation MedVaidya - Formation de m\u00e9decine ayurv\u00e9dique\u00a0 - SAMA\" \/>\n<meta property=\"og:description\" content=\"Suite \u00e0 la phase pilote du programme MedVaidya qui se termine de mani\u00e8re concluante en 2019, SAMA lance la nouvelle formation MedVaidya en 2020. C\u2019est une mise \u00e0 niveau avec l\u2019int\u00e9gration de nouvelles technologies, d\u2019un nouveau concept didactique et d\u2019une nouvelle \u00e9quipe acad\u00e9mique.&nbsp; La premi\u00e8re promotion qui d\u00e9bute en septembre 2020 est compos\u00e9e de m\u00e9decins [&hellip;]\" \/>\n<meta property=\"og:url\" content=\"https:\/\/www.samayurveda.com\/fr\/lancement-de-la-nouvelle-formation-medvaidya-formation-de-medecine-ayurvedique\/\" \/>\n<meta property=\"og:site_name\" content=\"SAMA\" \/>\n<meta property=\"article:publisher\" content=\"https:\/\/www.facebook.com\/p\/SAMA-Swiss-Ayurvedic-Medical-Academy-100065676061693\/\" \/>\n<meta property=\"article:published_time\" content=\"2020-01-24T12:08:00+00:00\" \/>\n<meta property=\"article:modified_time\" content=\"2023-09-21T12:10:17+00:00\" \/>\n<meta property=\"og:image\" content=\"https:\/\/www.samayurveda.com\/wp-content\/uploads\/2023\/09\/image-7.png\" \/>\n\t<meta property=\"og:image:width\" content=\"387\" \/>\n\t<meta property=\"og:image:height\" content=\"101\" \/>\n\t<meta property=\"og:image:type\" content=\"image\/png\" \/>\n<meta name=\"author\" content=\"admin\" \/>\n<meta name=\"twitter:card\" content=\"summary_large_image\" \/>\n<meta name=\"twitter:label1\" content=\"\u00c9crit par\" \/>\n\t<meta name=\"twitter:data1\" content=\"admin\" \/>\n\t<meta name=\"twitter:label2\" content=\"Dur\u00e9e de lecture estim\u00e9e\" \/>\n\t<meta name=\"twitter:data2\" content=\"1 minute\" \/>\n<script type=\"application\/ld+json\" class=\"yoast-schema-graph\">{\"@context\":\"https:\/\/schema.org\",\"@graph\":[{\"@type\":\"Article\",\"@id\":\"https:\/\/www.samayurveda.com\/fr\/lancement-de-la-nouvelle-formation-medvaidya-formation-de-medecine-ayurvedique\/#article\",\"isPartOf\":{\"@id\":\"https:\/\/www.samayurveda.com\/fr\/lancement-de-la-nouvelle-formation-medvaidya-formation-de-medecine-ayurvedique\/\"},\"author\":{\"name\":\"admin\",\"@id\":\"https:\/\/samayurveda.com\/#\/schema\/person\/61efc479b3e6709e8a9583234fece88e\"},\"headline\":\"Lancement de la nouvelle formation MedVaidya &#8211; Formation de m\u00e9decine ayurv\u00e9dique\u00a0\",\"datePublished\":\"2020-01-24T12:08:00+00:00\",\"dateModified\":\"2023-09-21T12:10:17+00:00\",\"mainEntityOfPage\":{\"@id\":\"https:\/\/www.samayurveda.com\/fr\/lancement-de-la-nouvelle-formation-medvaidya-formation-de-medecine-ayurvedique\/\"},\"wordCount\":126,\"publisher\":{\"@id\":\"https:\/\/samayurveda.com\/#organization\"},\"keywords\":[\"MedVaidya\"],\"articleSection\":[\"SAMA\"],\"inLanguage\":\"fr-FR\"},{\"@type\":\"WebPage\",\"@id\":\"https:\/\/www.samayurveda.com\/fr\/lancement-de-la-nouvelle-formation-medvaidya-formation-de-medecine-ayurvedique\/\",\"url\":\"https:\/\/www.samayurveda.com\/fr\/lancement-de-la-nouvelle-formation-medvaidya-formation-de-medecine-ayurvedique\/\",\"name\":\"Lancement de la nouvelle formation MedVaidya - Formation de m\u00e9decine ayurv\u00e9dique\u00a0 - SAMA\",\"isPartOf\":{\"@id\":\"https:\/\/samayurveda.com\/#website\"},\"datePublished\":\"2020-01-24T12:08:00+00:00\",\"dateModified\":\"2023-09-21T12:10:17+00:00\",\"breadcrumb\":{\"@id\":\"https:\/\/www.samayurveda.com\/fr\/lancement-de-la-nouvelle-formation-medvaidya-formation-de-medecine-ayurvedique\/#breadcrumb\"},\"inLanguage\":\"fr-FR\",\"potentialAction\":[{\"@type\":\"ReadAction\",\"target\":[\"https:\/\/www.samayurveda.com\/fr\/lancement-de-la-nouvelle-formation-medvaidya-formation-de-medecine-ayurvedique\/\"]}]},{\"@type\":\"BreadcrumbList\",\"@id\":\"https:\/\/www.samayurveda.com\/fr\/lancement-de-la-nouvelle-formation-medvaidya-formation-de-medecine-ayurvedique\/#breadcrumb\",\"itemListElement\":[{\"@type\":\"ListItem\",\"position\":1,\"name\":\"Home\",\"item\":\"https:\/\/www.samayurveda.com\/fr\/\"},{\"@type\":\"ListItem\",\"position\":2,\"name\":\"Lancement de la nouvelle formation MedVaidya &#8211; Formation de m\u00e9decine ayurv\u00e9dique\u00a0\"}]},{\"@type\":\"WebSite\",\"@id\":\"https:\/\/samayurveda.com\/#website\",\"url\":\"https:\/\/samayurveda.com\/\",\"name\":\"samayurveda.com\",\"description\":\"\",\"publisher\":{\"@id\":\"https:\/\/samayurveda.com\/#organization\"},\"potentialAction\":[{\"@type\":\"SearchAction\",\"target\":{\"@type\":\"EntryPoint\",\"urlTemplate\":\"https:\/\/samayurveda.com\/?s={search_term_string}\"},\"query-input\":\"required name=search_term_string\"}],\"inLanguage\":\"fr-FR\"},{\"@type\":\"Organization\",\"@id\":\"https:\/\/samayurveda.com\/#organization\",\"name\":\"samayurveda.com\",\"url\":\"https:\/\/samayurveda.com\/\",\"logo\":{\"@type\":\"ImageObject\",\"inLanguage\":\"fr-FR\",\"@id\":\"https:\/\/samayurveda.com\/#\/schema\/logo\/image\/\",\"url\":\"https:\/\/www.samayurveda.com\/wp-content\/uploads\/2023\/08\/sama-1-1.png\",\"contentUrl\":\"https:\/\/www.samayurveda.com\/wp-content\/uploads\/2023\/08\/sama-1-1.png\",\"width\":300,\"height\":157,\"caption\":\"samayurveda.com\"},\"image\":{\"@id\":\"https:\/\/samayurveda.com\/#\/schema\/logo\/image\/\"},\"sameAs\":[\"https:\/\/www.facebook.com\/p\/SAMA-Swiss-Ayurvedic-Medical-Academy-100065676061693\/\"]},{\"@type\":\"Person\",\"@id\":\"https:\/\/samayurveda.com\/#\/schema\/person\/61efc479b3e6709e8a9583234fece88e\",\"name\":\"admin\",\"image\":{\"@type\":\"ImageObject\",\"inLanguage\":\"fr-FR\",\"@id\":\"https:\/\/samayurveda.com\/#\/schema\/person\/image\/\",\"url\":\"https:\/\/secure.gravatar.com\/avatar\/c44a2a6bb651da836b83163a45e6ee792f21186387b310d10bea153d3f1c0949?s=96&d=mm&r=g\",\"contentUrl\":\"https:\/\/secure.gravatar.com\/avatar\/c44a2a6bb651da836b83163a45e6ee792f21186387b310d10bea153d3f1c0949?s=96&d=mm&r=g\",\"caption\":\"admin\"},\"sameAs\":[\"https:\/\/samayurveda.com\"],\"url\":\"https:\/\/www.samayurveda.com\/fr\/author\/charles_wda6r7k7\/\"}]}<\/script>\n<!-- \/ Yoast SEO plugin. -->","yoast_head_json":{"title":"Lancement de la nouvelle formation MedVaidya - Formation de m\u00e9decine ayurv\u00e9dique\u00a0 - SAMA","robots":{"index":"index","follow":"follow","max-snippet":"max-snippet:-1","max-image-preview":"max-image-preview:large","max-video-preview":"max-video-preview:-1"},"canonical":"https:\/\/www.samayurveda.com\/fr\/lancement-de-la-nouvelle-formation-medvaidya-formation-de-medecine-ayurvedique\/","og_locale":"fr_FR","og_type":"article","og_title":"Lancement de la nouvelle formation MedVaidya - Formation de m\u00e9decine ayurv\u00e9dique\u00a0 - SAMA","og_description":"Suite \u00e0 la phase pilote du programme MedVaidya qui se termine de mani\u00e8re concluante en 2019, SAMA lance la nouvelle formation MedVaidya en 2020. C\u2019est une mise \u00e0 niveau avec l\u2019int\u00e9gration de nouvelles technologies, d\u2019un nouveau concept didactique et d\u2019une nouvelle \u00e9quipe acad\u00e9mique.&nbsp; La premi\u00e8re promotion qui d\u00e9bute en septembre 2020 est compos\u00e9e de m\u00e9decins [&hellip;]","og_url":"https:\/\/www.samayurveda.com\/fr\/lancement-de-la-nouvelle-formation-medvaidya-formation-de-medecine-ayurvedique\/","og_site_name":"SAMA","article_publisher":"https:\/\/www.facebook.com\/p\/SAMA-Swiss-Ayurvedic-Medical-Academy-100065676061693\/","article_published_time":"2020-01-24T12:08:00+00:00","article_modified_time":"2023-09-21T12:10:17+00:00","og_image":[{"width":387,"height":101,"url":"https:\/\/www.samayurveda.com\/wp-content\/uploads\/2023\/09\/image-7.png","type":"image\/png"}],"author":"admin","twitter_card":"summary_large_image","twitter_misc":{"\u00c9crit par":"admin","Dur\u00e9e de lecture estim\u00e9e":"1 minute"},"schema":{"@context":"https:\/\/schema.org","@graph":[{"@type":"Article","@id":"https:\/\/www.samayurveda.com\/fr\/lancement-de-la-nouvelle-formation-medvaidya-formation-de-medecine-ayurvedique\/#article","isPartOf":{"@id":"https:\/\/www.samayurveda.com\/fr\/lancement-de-la-nouvelle-formation-medvaidya-formation-de-medecine-ayurvedique\/"},"author":{"name":"admin","@id":"https:\/\/samayurveda.com\/#\/schema\/person\/61efc479b3e6709e8a9583234fece88e"},"headline":"Lancement de la nouvelle formation MedVaidya &#8211; Formation de m\u00e9decine ayurv\u00e9dique\u00a0","datePublished":"2020-01-24T12:08:00+00:00","dateModified":"2023-09-21T12:10:17+00:00","mainEntityOfPage":{"@id":"https:\/\/www.samayurveda.com\/fr\/lancement-de-la-nouvelle-formation-medvaidya-formation-de-medecine-ayurvedique\/"},"wordCount":126,"publisher":{"@id":"https:\/\/samayurveda.com\/#organization"},"keywords":["MedVaidya"],"articleSection":["SAMA"],"inLanguage":"fr-FR"},{"@type":"WebPage","@id":"https:\/\/www.samayurveda.com\/fr\/lancement-de-la-nouvelle-formation-medvaidya-formation-de-medecine-ayurvedique\/","url":"https:\/\/www.samayurveda.com\/fr\/lancement-de-la-nouvelle-formation-medvaidya-formation-de-medecine-ayurvedique\/","name":"Lancement de la nouvelle formation MedVaidya - Formation de m\u00e9decine ayurv\u00e9dique\u00a0 - SAMA","isPartOf":{"@id":"https:\/\/samayurveda.com\/#website"},"datePublished":"2020-01-24T12:08:00+00:00","dateModified":"2023-09-21T12:10:17+00:00","breadcrumb":{"@id":"https:\/\/www.samayurveda.com\/fr\/lancement-de-la-nouvelle-formation-medvaidya-formation-de-medecine-ayurvedique\/#breadcrumb"},"inLanguage":"fr-FR","potentialAction":[{"@type":"ReadAction","target":["https:\/\/www.samayurveda.com\/fr\/lancement-de-la-nouvelle-formation-medvaidya-formation-de-medecine-ayurvedique\/"]}]},{"@type":"BreadcrumbList","@id":"https:\/\/www.samayurveda.com\/fr\/lancement-de-la-nouvelle-formation-medvaidya-formation-de-medecine-ayurvedique\/#breadcrumb","itemListElement":[{"@type":"ListItem","position":1,"name":"Home","item":"https:\/\/www.samayurveda.com\/fr\/"},{"@type":"ListItem","position":2,"name":"Lancement de la nouvelle formation MedVaidya &#8211; Formation de m\u00e9decine ayurv\u00e9dique\u00a0"}]},{"@type":"WebSite","@id":"https:\/\/samayurveda.com\/#website","url":"https:\/\/samayurveda.com\/","name":"samayurveda.com","description":"","publisher":{"@id":"https:\/\/samayurveda.com\/#organization"},"potentialAction":[{"@type":"SearchAction","target":{"@type":"EntryPoint","urlTemplate":"https:\/\/samayurveda.com\/?s={search_term_string}"},"query-input":"required name=search_term_string"}],"inLanguage":"fr-FR"},{"@type":"Organization","@id":"https:\/\/samayurveda.com\/#organization","name":"samayurveda.com","url":"https:\/\/samayurveda.com\/","logo":{"@type":"ImageObject","inLanguage":"fr-FR","@id":"https:\/\/samayurveda.com\/#\/schema\/logo\/image\/","url":"https:\/\/www.samayurveda.com\/wp-content\/uploads\/2023\/08\/sama-1-1.png","contentUrl":"https:\/\/www.samayurveda.com\/wp-content\/uploads\/2023\/08\/sama-1-1.png","width":300,"height":157,"caption":"samayurveda.com"},"image":{"@id":"https:\/\/samayurveda.com\/#\/schema\/logo\/image\/"},"sameAs":["https:\/\/www.facebook.com\/p\/SAMA-Swiss-Ayurvedic-Medical-Academy-100065676061693\/"]},{"@type":"Person","@id":"https:\/\/samayurveda.com\/#\/schema\/person\/61efc479b3e6709e8a9583234fece88e","name":"admin","image":{"@type":"ImageObject","inLanguage":"fr-FR","@id":"https:\/\/samayurveda.com\/#\/schema\/person\/image\/","url":"https:\/\/secure.gravatar.com\/avatar\/c44a2a6bb651da836b83163a45e6ee792f21186387b310d10bea153d3f1c0949?s=96&d=mm&r=g","contentUrl":"https:\/\/secure.gravatar.com\/avatar\/c44a2a6bb651da836b83163a45e6ee792f21186387b310d10bea153d3f1c0949?s=96&d=mm&r=g","caption":"admin"},"sameAs":["https:\/\/samayurveda.com"],"url":"https:\/\/www.samayurveda.com\/fr\/author\/charles_wda6r7k7\/"}]}},"_links":{"self":[{"href":"https:\/\/www.samayurveda.com\/fr\/wp-json\/wp\/v2\/posts\/8923","targetHints":{"allow":["GET"]}}],"collection":[{"href":"https:\/\/www.samayurveda.com\/fr\/wp-json\/wp\/v2\/posts"}],"about":[{"href":"https:\/\/www.samayurveda.com\/fr\/wp-json\/wp\/v2\/types\/post"}],"author":[{"embeddable":true,"href":"https:\/\/www.samayurveda.com\/fr\/wp-json\/wp\/v2\/users\/1"}],"replies":[{"embeddable":true,"href":"https:\/\/www.samayurveda.com\/fr\/wp-json\/wp\/v2\/comments?post=8923"}],"version-history":[{"count":1,"href":"https:\/\/www.samayurveda.com\/fr\/wp-json\/wp\/v2\/posts\/8923\/revisions"}],"predecessor-version":[{"id":8926,"href":"https:\/\/www.samayurveda.com\/fr\/wp-json\/wp\/v2\/posts\/8923\/revisions\/8926"}],"wp:featuredmedia":[{"embeddable":true,"href":"https:\/\/www.samayurveda.com\/fr\/wp-json\/wp\/v2\/media\/8924"}],"wp:attachment":[{"href":"https:\/\/www.samayurveda.com\/fr\/wp-json\/wp\/v2\/media?parent=8923"}],"wp:term":[{"taxonomy":"category","embeddable":true,"href":"https:\/\/www.samayurveda.com\/fr\/wp-json\/wp\/v2\/categories?post=8923"},{"taxonomy":"post_tag","embeddable":true,"href":"https:\/\/www.samayurveda.com\/fr\/wp-json\/wp\/v2\/tags?post=8923"}],"curies":[{"name":"wp","href":"https:\/\/api.w.org\/{rel}","templated":true}]}}