{"id":8931,"date":"2021-01-01T12:13:00","date_gmt":"2021-01-01T12:13:00","guid":{"rendered":"https:\/\/www.samayurveda.com\/?p=8931"},"modified":"2023-09-21T12:16:14","modified_gmt":"2023-09-21T12:16:14","slug":"sama-enfante-cameda-sarl-lactivite-therapeutique-est-deleguee","status":"publish","type":"post","link":"https:\/\/www.samayurveda.com\/fr\/sama-enfante-cameda-sarl-lactivite-therapeutique-est-deleguee\/","title":{"rendered":"SAMA enfante CAMEDA S\u00e0rl &#8211; L\u2019activit\u00e9 th\u00e9rapeutique est d\u00e9l\u00e9gu\u00e9e\u00a0\u00a0"},"content":{"rendered":"\n<p class=\"wp-block-paragraph\"><\/p>\n\n\n\n<figure class=\"wp-block-image size-full is-resized\"><img decoding=\"async\" src=\"https:\/\/www.samayurveda.com\/wp-content\/uploads\/2023\/09\/cameda-low-resolution-logo-color-on-transparent-background.png\" alt=\"\" class=\"wp-image-8932\" style=\"width:339px;height:68px\" width=\"339\" height=\"68\" srcset=\"https:\/\/www.samayurveda.com\/wp-content\/uploads\/2023\/09\/cameda-low-resolution-logo-color-on-transparent-background.png 1000w, https:\/\/www.samayurveda.com\/wp-content\/uploads\/2023\/09\/cameda-low-resolution-logo-color-on-transparent-background-300x61.png 300w, https:\/\/www.samayurveda.com\/wp-content\/uploads\/2023\/09\/cameda-low-resolution-logo-color-on-transparent-background-768x155.png 768w\" sizes=\"(max-width: 339px) 100vw, 339px\" \/><\/figure>\n\n\n\n<p class=\"wp-block-paragraph\">SAMA enfante en 2021 Cameda, acronyme de cabinet de m\u00e9decine ayurv\u00e9dique, pour permettre aux activit\u00e9s th\u00e9rapeutiques de se d\u00e9velopper de mani\u00e8re autonome.\u00a0<\/p>\n\n\n\n<p class=\"wp-block-paragraph\">La consultation en m\u00e9decine ayurv\u00e9dique est d\u00e8s lors g\u00e9r\u00e9e et d\u00e9velopp\u00e9e par Cameda S\u00e0rl.&nbsp;<\/p>\n","protected":false},"excerpt":{"rendered":"<p>SAMA enfante en 2021 Cameda, acronyme de cabinet de m\u00e9decine ayurv\u00e9dique, pour permettre aux activit\u00e9s th\u00e9rapeutiques de se d\u00e9velopper de mani\u00e8re autonome.\u00a0 La consultation en m\u00e9decine ayurv\u00e9dique est d\u00e8s lors g\u00e9r\u00e9e et d\u00e9velopp\u00e9e par Cameda S\u00e0rl.&nbsp;<\/p>\n","protected":false},"author":1,"featured_media":8932,"comment_status":"closed","ping_status":"closed","sticky":false,"template":"","format":"standard","meta":{"footnotes":""},"categories":[121],"tags":[128],"class_list":["post-8931","post","type-post","status-publish","format-standard","has-post-thumbnail","hentry","category-sama","tag-cameda"],"yoast_head":"<!-- This site is optimized with the Yoast SEO plugin v20.12 - https:\/\/yoast.com\/wordpress\/plugins\/seo\/ -->\n<title>SAMA enfante CAMEDA S\u00e0rl - L\u2019activit\u00e9 th\u00e9rapeutique est d\u00e9l\u00e9gu\u00e9e\u00a0\u00a0 - SAMA<\/title>\n<meta name=\"robots\" content=\"index, follow, max-snippet:-1, max-image-preview:large, max-video-preview:-1\" \/>\n<link rel=\"canonical\" href=\"https:\/\/www.samayurveda.com\/fr\/sama-enfante-cameda-sarl-lactivite-therapeutique-est-deleguee\/\" \/>\n<meta property=\"og:locale\" content=\"fr_FR\" \/>\n<meta property=\"og:type\" content=\"article\" \/>\n<meta property=\"og:title\" content=\"SAMA enfante CAMEDA S\u00e0rl - L\u2019activit\u00e9 th\u00e9rapeutique est d\u00e9l\u00e9gu\u00e9e\u00a0\u00a0 - SAMA\" \/>\n<meta property=\"og:description\" content=\"SAMA enfante en 2021 Cameda, acronyme de cabinet de m\u00e9decine ayurv\u00e9dique, pour permettre aux activit\u00e9s th\u00e9rapeutiques de se d\u00e9velopper de mani\u00e8re autonome.\u00a0 La consultation en m\u00e9decine ayurv\u00e9dique est d\u00e8s lors g\u00e9r\u00e9e et d\u00e9velopp\u00e9e par Cameda S\u00e0rl.&nbsp;\" \/>\n<meta property=\"og:url\" content=\"https:\/\/www.samayurveda.com\/fr\/sama-enfante-cameda-sarl-lactivite-therapeutique-est-deleguee\/\" \/>\n<meta property=\"og:site_name\" content=\"SAMA\" \/>\n<meta property=\"article:publisher\" content=\"https:\/\/www.facebook.com\/p\/SAMA-Swiss-Ayurvedic-Medical-Academy-100065676061693\/\" \/>\n<meta property=\"article:published_time\" content=\"2021-01-01T12:13:00+00:00\" \/>\n<meta property=\"article:modified_time\" content=\"2023-09-21T12:16:14+00:00\" \/>\n<meta property=\"og:image\" content=\"https:\/\/www.samayurveda.com\/wp-content\/uploads\/2023\/09\/cameda-low-resolution-logo-color-on-transparent-background.png\" \/>\n\t<meta property=\"og:image:width\" content=\"1000\" \/>\n\t<meta property=\"og:image:height\" content=\"202\" \/>\n\t<meta property=\"og:image:type\" content=\"image\/png\" \/>\n<meta name=\"author\" content=\"admin\" \/>\n<meta name=\"twitter:card\" content=\"summary_large_image\" \/>\n<meta name=\"twitter:label1\" content=\"\u00c9crit par\" \/>\n\t<meta name=\"twitter:data1\" content=\"admin\" \/>\n\t<meta name=\"twitter:label2\" content=\"Dur\u00e9e de lecture estim\u00e9e\" \/>\n\t<meta name=\"twitter:data2\" content=\"1 minute\" \/>\n<script type=\"application\/ld+json\" class=\"yoast-schema-graph\">{\"@context\":\"https:\/\/schema.org\",\"@graph\":[{\"@type\":\"Article\",\"@id\":\"https:\/\/www.samayurveda.com\/fr\/sama-enfante-cameda-sarl-lactivite-therapeutique-est-deleguee\/#article\",\"isPartOf\":{\"@id\":\"https:\/\/www.samayurveda.com\/fr\/sama-enfante-cameda-sarl-lactivite-therapeutique-est-deleguee\/\"},\"author\":{\"name\":\"admin\",\"@id\":\"https:\/\/samayurveda.com\/#\/schema\/person\/61efc479b3e6709e8a9583234fece88e\"},\"headline\":\"SAMA enfante CAMEDA S\u00e0rl &#8211; L\u2019activit\u00e9 th\u00e9rapeutique est d\u00e9l\u00e9gu\u00e9e\u00a0\u00a0\",\"datePublished\":\"2021-01-01T12:13:00+00:00\",\"dateModified\":\"2023-09-21T12:16:14+00:00\",\"mainEntityOfPage\":{\"@id\":\"https:\/\/www.samayurveda.com\/fr\/sama-enfante-cameda-sarl-lactivite-therapeutique-est-deleguee\/\"},\"wordCount\":65,\"publisher\":{\"@id\":\"https:\/\/samayurveda.com\/#organization\"},\"keywords\":[\"cameda\"],\"articleSection\":[\"SAMA\"],\"inLanguage\":\"fr-FR\"},{\"@type\":\"WebPage\",\"@id\":\"https:\/\/www.samayurveda.com\/fr\/sama-enfante-cameda-sarl-lactivite-therapeutique-est-deleguee\/\",\"url\":\"https:\/\/www.samayurveda.com\/fr\/sama-enfante-cameda-sarl-lactivite-therapeutique-est-deleguee\/\",\"name\":\"SAMA enfante CAMEDA S\u00e0rl - L\u2019activit\u00e9 th\u00e9rapeutique est d\u00e9l\u00e9gu\u00e9e\u00a0\u00a0 - SAMA\",\"isPartOf\":{\"@id\":\"https:\/\/samayurveda.com\/#website\"},\"datePublished\":\"2021-01-01T12:13:00+00:00\",\"dateModified\":\"2023-09-21T12:16:14+00:00\",\"breadcrumb\":{\"@id\":\"https:\/\/www.samayurveda.com\/fr\/sama-enfante-cameda-sarl-lactivite-therapeutique-est-deleguee\/#breadcrumb\"},\"inLanguage\":\"fr-FR\",\"potentialAction\":[{\"@type\":\"ReadAction\",\"target\":[\"https:\/\/www.samayurveda.com\/fr\/sama-enfante-cameda-sarl-lactivite-therapeutique-est-deleguee\/\"]}]},{\"@type\":\"BreadcrumbList\",\"@id\":\"https:\/\/www.samayurveda.com\/fr\/sama-enfante-cameda-sarl-lactivite-therapeutique-est-deleguee\/#breadcrumb\",\"itemListElement\":[{\"@type\":\"ListItem\",\"position\":1,\"name\":\"Home\",\"item\":\"https:\/\/www.samayurveda.com\/fr\/\"},{\"@type\":\"ListItem\",\"position\":2,\"name\":\"SAMA enfante CAMEDA S\u00e0rl &#8211; L\u2019activit\u00e9 th\u00e9rapeutique est d\u00e9l\u00e9gu\u00e9e\u00a0\u00a0\"}]},{\"@type\":\"WebSite\",\"@id\":\"https:\/\/samayurveda.com\/#website\",\"url\":\"https:\/\/samayurveda.com\/\",\"name\":\"samayurveda.com\",\"description\":\"\",\"publisher\":{\"@id\":\"https:\/\/samayurveda.com\/#organization\"},\"potentialAction\":[{\"@type\":\"SearchAction\",\"target\":{\"@type\":\"EntryPoint\",\"urlTemplate\":\"https:\/\/samayurveda.com\/?s={search_term_string}\"},\"query-input\":\"required name=search_term_string\"}],\"inLanguage\":\"fr-FR\"},{\"@type\":\"Organization\",\"@id\":\"https:\/\/samayurveda.com\/#organization\",\"name\":\"samayurveda.com\",\"url\":\"https:\/\/samayurveda.com\/\",\"logo\":{\"@type\":\"ImageObject\",\"inLanguage\":\"fr-FR\",\"@id\":\"https:\/\/samayurveda.com\/#\/schema\/logo\/image\/\",\"url\":\"https:\/\/www.samayurveda.com\/wp-content\/uploads\/2023\/08\/sama-1-1.png\",\"contentUrl\":\"https:\/\/www.samayurveda.com\/wp-content\/uploads\/2023\/08\/sama-1-1.png\",\"width\":300,\"height\":157,\"caption\":\"samayurveda.com\"},\"image\":{\"@id\":\"https:\/\/samayurveda.com\/#\/schema\/logo\/image\/\"},\"sameAs\":[\"https:\/\/www.facebook.com\/p\/SAMA-Swiss-Ayurvedic-Medical-Academy-100065676061693\/\"]},{\"@type\":\"Person\",\"@id\":\"https:\/\/samayurveda.com\/#\/schema\/person\/61efc479b3e6709e8a9583234fece88e\",\"name\":\"admin\",\"image\":{\"@type\":\"ImageObject\",\"inLanguage\":\"fr-FR\",\"@id\":\"https:\/\/samayurveda.com\/#\/schema\/person\/image\/\",\"url\":\"https:\/\/secure.gravatar.com\/avatar\/c44a2a6bb651da836b83163a45e6ee792f21186387b310d10bea153d3f1c0949?s=96&d=mm&r=g\",\"contentUrl\":\"https:\/\/secure.gravatar.com\/avatar\/c44a2a6bb651da836b83163a45e6ee792f21186387b310d10bea153d3f1c0949?s=96&d=mm&r=g\",\"caption\":\"admin\"},\"sameAs\":[\"https:\/\/samayurveda.com\"],\"url\":\"https:\/\/www.samayurveda.com\/fr\/author\/charles_wda6r7k7\/\"}]}<\/script>\n<!-- \/ Yoast SEO plugin. -->","yoast_head_json":{"title":"SAMA enfante CAMEDA S\u00e0rl - L\u2019activit\u00e9 th\u00e9rapeutique est d\u00e9l\u00e9gu\u00e9e\u00a0\u00a0 - SAMA","robots":{"index":"index","follow":"follow","max-snippet":"max-snippet:-1","max-image-preview":"max-image-preview:large","max-video-preview":"max-video-preview:-1"},"canonical":"https:\/\/www.samayurveda.com\/fr\/sama-enfante-cameda-sarl-lactivite-therapeutique-est-deleguee\/","og_locale":"fr_FR","og_type":"article","og_title":"SAMA enfante CAMEDA S\u00e0rl - L\u2019activit\u00e9 th\u00e9rapeutique est d\u00e9l\u00e9gu\u00e9e\u00a0\u00a0 - SAMA","og_description":"SAMA enfante en 2021 Cameda, acronyme de cabinet de m\u00e9decine ayurv\u00e9dique, pour permettre aux activit\u00e9s th\u00e9rapeutiques de se d\u00e9velopper de mani\u00e8re autonome.\u00a0 La consultation en m\u00e9decine ayurv\u00e9dique est d\u00e8s lors g\u00e9r\u00e9e et d\u00e9velopp\u00e9e par Cameda S\u00e0rl.&nbsp;","og_url":"https:\/\/www.samayurveda.com\/fr\/sama-enfante-cameda-sarl-lactivite-therapeutique-est-deleguee\/","og_site_name":"SAMA","article_publisher":"https:\/\/www.facebook.com\/p\/SAMA-Swiss-Ayurvedic-Medical-Academy-100065676061693\/","article_published_time":"2021-01-01T12:13:00+00:00","article_modified_time":"2023-09-21T12:16:14+00:00","og_image":[{"width":1000,"height":202,"url":"https:\/\/www.samayurveda.com\/wp-content\/uploads\/2023\/09\/cameda-low-resolution-logo-color-on-transparent-background.png","type":"image\/png"}],"author":"admin","twitter_card":"summary_large_image","twitter_misc":{"\u00c9crit par":"admin","Dur\u00e9e de lecture estim\u00e9e":"1 minute"},"schema":{"@context":"https:\/\/schema.org","@graph":[{"@type":"Article","@id":"https:\/\/www.samayurveda.com\/fr\/sama-enfante-cameda-sarl-lactivite-therapeutique-est-deleguee\/#article","isPartOf":{"@id":"https:\/\/www.samayurveda.com\/fr\/sama-enfante-cameda-sarl-lactivite-therapeutique-est-deleguee\/"},"author":{"name":"admin","@id":"https:\/\/samayurveda.com\/#\/schema\/person\/61efc479b3e6709e8a9583234fece88e"},"headline":"SAMA enfante CAMEDA S\u00e0rl &#8211; L\u2019activit\u00e9 th\u00e9rapeutique est d\u00e9l\u00e9gu\u00e9e\u00a0\u00a0","datePublished":"2021-01-01T12:13:00+00:00","dateModified":"2023-09-21T12:16:14+00:00","mainEntityOfPage":{"@id":"https:\/\/www.samayurveda.com\/fr\/sama-enfante-cameda-sarl-lactivite-therapeutique-est-deleguee\/"},"wordCount":65,"publisher":{"@id":"https:\/\/samayurveda.com\/#organization"},"keywords":["cameda"],"articleSection":["SAMA"],"inLanguage":"fr-FR"},{"@type":"WebPage","@id":"https:\/\/www.samayurveda.com\/fr\/sama-enfante-cameda-sarl-lactivite-therapeutique-est-deleguee\/","url":"https:\/\/www.samayurveda.com\/fr\/sama-enfante-cameda-sarl-lactivite-therapeutique-est-deleguee\/","name":"SAMA enfante CAMEDA S\u00e0rl - L\u2019activit\u00e9 th\u00e9rapeutique est d\u00e9l\u00e9gu\u00e9e\u00a0\u00a0 - SAMA","isPartOf":{"@id":"https:\/\/samayurveda.com\/#website"},"datePublished":"2021-01-01T12:13:00+00:00","dateModified":"2023-09-21T12:16:14+00:00","breadcrumb":{"@id":"https:\/\/www.samayurveda.com\/fr\/sama-enfante-cameda-sarl-lactivite-therapeutique-est-deleguee\/#breadcrumb"},"inLanguage":"fr-FR","potentialAction":[{"@type":"ReadAction","target":["https:\/\/www.samayurveda.com\/fr\/sama-enfante-cameda-sarl-lactivite-therapeutique-est-deleguee\/"]}]},{"@type":"BreadcrumbList","@id":"https:\/\/www.samayurveda.com\/fr\/sama-enfante-cameda-sarl-lactivite-therapeutique-est-deleguee\/#breadcrumb","itemListElement":[{"@type":"ListItem","position":1,"name":"Home","item":"https:\/\/www.samayurveda.com\/fr\/"},{"@type":"ListItem","position":2,"name":"SAMA enfante CAMEDA S\u00e0rl &#8211; L\u2019activit\u00e9 th\u00e9rapeutique est d\u00e9l\u00e9gu\u00e9e\u00a0\u00a0"}]},{"@type":"WebSite","@id":"https:\/\/samayurveda.com\/#website","url":"https:\/\/samayurveda.com\/","name":"samayurveda.com","description":"","publisher":{"@id":"https:\/\/samayurveda.com\/#organization"},"potentialAction":[{"@type":"SearchAction","target":{"@type":"EntryPoint","urlTemplate":"https:\/\/samayurveda.com\/?s={search_term_string}"},"query-input":"required name=search_term_string"}],"inLanguage":"fr-FR"},{"@type":"Organization","@id":"https:\/\/samayurveda.com\/#organization","name":"samayurveda.com","url":"https:\/\/samayurveda.com\/","logo":{"@type":"ImageObject","inLanguage":"fr-FR","@id":"https:\/\/samayurveda.com\/#\/schema\/logo\/image\/","url":"https:\/\/www.samayurveda.com\/wp-content\/uploads\/2023\/08\/sama-1-1.png","contentUrl":"https:\/\/www.samayurveda.com\/wp-content\/uploads\/2023\/08\/sama-1-1.png","width":300,"height":157,"caption":"samayurveda.com"},"image":{"@id":"https:\/\/samayurveda.com\/#\/schema\/logo\/image\/"},"sameAs":["https:\/\/www.facebook.com\/p\/SAMA-Swiss-Ayurvedic-Medical-Academy-100065676061693\/"]},{"@type":"Person","@id":"https:\/\/samayurveda.com\/#\/schema\/person\/61efc479b3e6709e8a9583234fece88e","name":"admin","image":{"@type":"ImageObject","inLanguage":"fr-FR","@id":"https:\/\/samayurveda.com\/#\/schema\/person\/image\/","url":"https:\/\/secure.gravatar.com\/avatar\/c44a2a6bb651da836b83163a45e6ee792f21186387b310d10bea153d3f1c0949?s=96&d=mm&r=g","contentUrl":"https:\/\/secure.gravatar.com\/avatar\/c44a2a6bb651da836b83163a45e6ee792f21186387b310d10bea153d3f1c0949?s=96&d=mm&r=g","caption":"admin"},"sameAs":["https:\/\/samayurveda.com"],"url":"https:\/\/www.samayurveda.com\/fr\/author\/charles_wda6r7k7\/"}]}},"_links":{"self":[{"href":"https:\/\/www.samayurveda.com\/fr\/wp-json\/wp\/v2\/posts\/8931","targetHints":{"allow":["GET"]}}],"collection":[{"href":"https:\/\/www.samayurveda.com\/fr\/wp-json\/wp\/v2\/posts"}],"about":[{"href":"https:\/\/www.samayurveda.com\/fr\/wp-json\/wp\/v2\/types\/post"}],"author":[{"embeddable":true,"href":"https:\/\/www.samayurveda.com\/fr\/wp-json\/wp\/v2\/users\/1"}],"replies":[{"embeddable":true,"href":"https:\/\/www.samayurveda.com\/fr\/wp-json\/wp\/v2\/comments?post=8931"}],"version-history":[{"count":1,"href":"https:\/\/www.samayurveda.com\/fr\/wp-json\/wp\/v2\/posts\/8931\/revisions"}],"predecessor-version":[{"id":8934,"href":"https:\/\/www.samayurveda.com\/fr\/wp-json\/wp\/v2\/posts\/8931\/revisions\/8934"}],"wp:featuredmedia":[{"embeddable":true,"href":"https:\/\/www.samayurveda.com\/fr\/wp-json\/wp\/v2\/media\/8932"}],"wp:attachment":[{"href":"https:\/\/www.samayurveda.com\/fr\/wp-json\/wp\/v2\/media?parent=8931"}],"wp:term":[{"taxonomy":"category","embeddable":true,"href":"https:\/\/www.samayurveda.com\/fr\/wp-json\/wp\/v2\/categories?post=8931"},{"taxonomy":"post_tag","embeddable":true,"href":"https:\/\/www.samayurveda.com\/fr\/wp-json\/wp\/v2\/tags?post=8931"}],"curies":[{"name":"wp","href":"https:\/\/api.w.org\/{rel}","templated":true}]}}