{"id":8935,"date":"2021-07-01T12:17:00","date_gmt":"2021-07-01T12:17:00","guid":{"rendered":"https:\/\/www.samayurveda.com\/?p=8935"},"modified":"2023-09-21T12:18:32","modified_gmt":"2023-09-21T12:18:32","slug":"fondation-de-lassociation-swissmed-school-joint-venture-avec-sama","status":"publish","type":"post","link":"https:\/\/www.samayurveda.com\/fr\/fondation-de-lassociation-swissmed-school-joint-venture-avec-sama\/","title":{"rendered":"Fondation de l\u2019association SwissMed School &#8211; Joint-venture avec SAMA\u00a0\u00a0"},"content":{"rendered":"\n<figure class=\"wp-block-image size-full\"><img decoding=\"async\" width=\"161\" height=\"157\" src=\"https:\/\/www.samayurveda.com\/wp-content\/uploads\/2023\/09\/image-9.png\" alt=\"\" class=\"wp-image-8936\"\/><\/figure>\n\n\n\n<p class=\"wp-block-paragraph\">En \u00e9t\u00e9 2021 SAMA cr\u00e9e une jointe venture avec la SwissMed School \u00e0 laquelle elle confie d\u00e8s lors les formations professionnelles, pour qu\u2019elles puissent se d\u00e9velopper dans le cadre d\u2019une \u00e9cole qui offre un \u00e9cosyst\u00e8me \u00e0 la hauteur des visions de ses formations.&nbsp;<\/p>\n\n\n\n<p class=\"wp-block-paragraph\">La formation MedVaidya est d\u00e8s lors g\u00e9r\u00e9e par SwissMed School qui pr\u00e9voit \u00e9largir son offre de formation aux modules M1 et M3-5 pour la pr\u00e9paration au dipl\u00f4me f\u00e9d\u00e9ral suisse ainsi qu\u2019\u00e0 d\u2019autres disciplines.&nbsp;<\/p>\n","protected":false},"excerpt":{"rendered":"<p>En \u00e9t\u00e9 2021 SAMA cr\u00e9e une jointe venture avec la SwissMed School \u00e0 laquelle elle confie d\u00e8s lors les formations professionnelles, pour qu\u2019elles puissent se d\u00e9velopper dans le cadre d\u2019une \u00e9cole qui offre un \u00e9cosyst\u00e8me \u00e0 la hauteur des visions de ses formations.&nbsp; La formation MedVaidya est d\u00e8s lors g\u00e9r\u00e9e par SwissMed School qui pr\u00e9voit [&hellip;]<\/p>\n","protected":false},"author":1,"featured_media":8936,"comment_status":"closed","ping_status":"closed","sticky":false,"template":"","format":"standard","meta":{"footnotes":""},"categories":[121],"tags":[],"class_list":["post-8935","post","type-post","status-publish","format-standard","has-post-thumbnail","hentry","category-sama"],"yoast_head":"<!-- This site is optimized with the Yoast SEO plugin v20.12 - https:\/\/yoast.com\/wordpress\/plugins\/seo\/ -->\n<title>Fondation de l\u2019association SwissMed School - Joint-venture avec SAMA\u00a0\u00a0 - SAMA<\/title>\n<meta name=\"robots\" content=\"index, follow, max-snippet:-1, max-image-preview:large, max-video-preview:-1\" \/>\n<link rel=\"canonical\" href=\"https:\/\/www.samayurveda.com\/fr\/fondation-de-lassociation-swissmed-school-joint-venture-avec-sama\/\" \/>\n<meta property=\"og:locale\" content=\"fr_FR\" \/>\n<meta property=\"og:type\" content=\"article\" \/>\n<meta property=\"og:title\" content=\"Fondation de l\u2019association SwissMed School - Joint-venture avec SAMA\u00a0\u00a0 - SAMA\" \/>\n<meta property=\"og:description\" content=\"En \u00e9t\u00e9 2021 SAMA cr\u00e9e une jointe venture avec la SwissMed School \u00e0 laquelle elle confie d\u00e8s lors les formations professionnelles, pour qu\u2019elles puissent se d\u00e9velopper dans le cadre d\u2019une \u00e9cole qui offre un \u00e9cosyst\u00e8me \u00e0 la hauteur des visions de ses formations.&nbsp; La formation MedVaidya est d\u00e8s lors g\u00e9r\u00e9e par SwissMed School qui pr\u00e9voit [&hellip;]\" \/>\n<meta property=\"og:url\" content=\"https:\/\/www.samayurveda.com\/fr\/fondation-de-lassociation-swissmed-school-joint-venture-avec-sama\/\" \/>\n<meta property=\"og:site_name\" content=\"SAMA\" \/>\n<meta property=\"article:publisher\" content=\"https:\/\/www.facebook.com\/p\/SAMA-Swiss-Ayurvedic-Medical-Academy-100065676061693\/\" \/>\n<meta property=\"article:published_time\" content=\"2021-07-01T12:17:00+00:00\" \/>\n<meta property=\"article:modified_time\" content=\"2023-09-21T12:18:32+00:00\" \/>\n<meta property=\"og:image\" content=\"https:\/\/www.samayurveda.com\/wp-content\/uploads\/2023\/09\/image-9.png\" \/>\n\t<meta property=\"og:image:width\" content=\"161\" \/>\n\t<meta property=\"og:image:height\" content=\"157\" \/>\n\t<meta property=\"og:image:type\" content=\"image\/png\" \/>\n<meta name=\"author\" content=\"admin\" \/>\n<meta name=\"twitter:card\" content=\"summary_large_image\" \/>\n<meta name=\"twitter:label1\" content=\"\u00c9crit par\" \/>\n\t<meta name=\"twitter:data1\" content=\"admin\" \/>\n\t<meta name=\"twitter:label2\" content=\"Dur\u00e9e de lecture estim\u00e9e\" \/>\n\t<meta name=\"twitter:data2\" content=\"1 minute\" \/>\n<script type=\"application\/ld+json\" class=\"yoast-schema-graph\">{\"@context\":\"https:\/\/schema.org\",\"@graph\":[{\"@type\":\"Article\",\"@id\":\"https:\/\/www.samayurveda.com\/fr\/fondation-de-lassociation-swissmed-school-joint-venture-avec-sama\/#article\",\"isPartOf\":{\"@id\":\"https:\/\/www.samayurveda.com\/fr\/fondation-de-lassociation-swissmed-school-joint-venture-avec-sama\/\"},\"author\":{\"name\":\"admin\",\"@id\":\"https:\/\/samayurveda.com\/#\/schema\/person\/61efc479b3e6709e8a9583234fece88e\"},\"headline\":\"Fondation de l\u2019association SwissMed School &#8211; Joint-venture avec SAMA\u00a0\u00a0\",\"datePublished\":\"2021-07-01T12:17:00+00:00\",\"dateModified\":\"2023-09-21T12:18:32+00:00\",\"mainEntityOfPage\":{\"@id\":\"https:\/\/www.samayurveda.com\/fr\/fondation-de-lassociation-swissmed-school-joint-venture-avec-sama\/\"},\"wordCount\":101,\"publisher\":{\"@id\":\"https:\/\/samayurveda.com\/#organization\"},\"articleSection\":[\"SAMA\"],\"inLanguage\":\"fr-FR\"},{\"@type\":\"WebPage\",\"@id\":\"https:\/\/www.samayurveda.com\/fr\/fondation-de-lassociation-swissmed-school-joint-venture-avec-sama\/\",\"url\":\"https:\/\/www.samayurveda.com\/fr\/fondation-de-lassociation-swissmed-school-joint-venture-avec-sama\/\",\"name\":\"Fondation de l\u2019association SwissMed School - Joint-venture avec SAMA\u00a0\u00a0 - SAMA\",\"isPartOf\":{\"@id\":\"https:\/\/samayurveda.com\/#website\"},\"datePublished\":\"2021-07-01T12:17:00+00:00\",\"dateModified\":\"2023-09-21T12:18:32+00:00\",\"breadcrumb\":{\"@id\":\"https:\/\/www.samayurveda.com\/fr\/fondation-de-lassociation-swissmed-school-joint-venture-avec-sama\/#breadcrumb\"},\"inLanguage\":\"fr-FR\",\"potentialAction\":[{\"@type\":\"ReadAction\",\"target\":[\"https:\/\/www.samayurveda.com\/fr\/fondation-de-lassociation-swissmed-school-joint-venture-avec-sama\/\"]}]},{\"@type\":\"BreadcrumbList\",\"@id\":\"https:\/\/www.samayurveda.com\/fr\/fondation-de-lassociation-swissmed-school-joint-venture-avec-sama\/#breadcrumb\",\"itemListElement\":[{\"@type\":\"ListItem\",\"position\":1,\"name\":\"Home\",\"item\":\"https:\/\/www.samayurveda.com\/fr\/\"},{\"@type\":\"ListItem\",\"position\":2,\"name\":\"Fondation de l\u2019association SwissMed School &#8211; Joint-venture avec SAMA\u00a0\u00a0\"}]},{\"@type\":\"WebSite\",\"@id\":\"https:\/\/samayurveda.com\/#website\",\"url\":\"https:\/\/samayurveda.com\/\",\"name\":\"samayurveda.com\",\"description\":\"\",\"publisher\":{\"@id\":\"https:\/\/samayurveda.com\/#organization\"},\"potentialAction\":[{\"@type\":\"SearchAction\",\"target\":{\"@type\":\"EntryPoint\",\"urlTemplate\":\"https:\/\/samayurveda.com\/?s={search_term_string}\"},\"query-input\":\"required name=search_term_string\"}],\"inLanguage\":\"fr-FR\"},{\"@type\":\"Organization\",\"@id\":\"https:\/\/samayurveda.com\/#organization\",\"name\":\"samayurveda.com\",\"url\":\"https:\/\/samayurveda.com\/\",\"logo\":{\"@type\":\"ImageObject\",\"inLanguage\":\"fr-FR\",\"@id\":\"https:\/\/samayurveda.com\/#\/schema\/logo\/image\/\",\"url\":\"https:\/\/www.samayurveda.com\/wp-content\/uploads\/2023\/08\/sama-1-1.png\",\"contentUrl\":\"https:\/\/www.samayurveda.com\/wp-content\/uploads\/2023\/08\/sama-1-1.png\",\"width\":300,\"height\":157,\"caption\":\"samayurveda.com\"},\"image\":{\"@id\":\"https:\/\/samayurveda.com\/#\/schema\/logo\/image\/\"},\"sameAs\":[\"https:\/\/www.facebook.com\/p\/SAMA-Swiss-Ayurvedic-Medical-Academy-100065676061693\/\"]},{\"@type\":\"Person\",\"@id\":\"https:\/\/samayurveda.com\/#\/schema\/person\/61efc479b3e6709e8a9583234fece88e\",\"name\":\"admin\",\"image\":{\"@type\":\"ImageObject\",\"inLanguage\":\"fr-FR\",\"@id\":\"https:\/\/samayurveda.com\/#\/schema\/person\/image\/\",\"url\":\"https:\/\/secure.gravatar.com\/avatar\/c44a2a6bb651da836b83163a45e6ee792f21186387b310d10bea153d3f1c0949?s=96&d=mm&r=g\",\"contentUrl\":\"https:\/\/secure.gravatar.com\/avatar\/c44a2a6bb651da836b83163a45e6ee792f21186387b310d10bea153d3f1c0949?s=96&d=mm&r=g\",\"caption\":\"admin\"},\"sameAs\":[\"https:\/\/samayurveda.com\"],\"url\":\"https:\/\/www.samayurveda.com\/fr\/author\/charles_wda6r7k7\/\"}]}<\/script>\n<!-- \/ Yoast SEO plugin. -->","yoast_head_json":{"title":"Fondation de l\u2019association SwissMed School - Joint-venture avec SAMA\u00a0\u00a0 - SAMA","robots":{"index":"index","follow":"follow","max-snippet":"max-snippet:-1","max-image-preview":"max-image-preview:large","max-video-preview":"max-video-preview:-1"},"canonical":"https:\/\/www.samayurveda.com\/fr\/fondation-de-lassociation-swissmed-school-joint-venture-avec-sama\/","og_locale":"fr_FR","og_type":"article","og_title":"Fondation de l\u2019association SwissMed School - Joint-venture avec SAMA\u00a0\u00a0 - SAMA","og_description":"En \u00e9t\u00e9 2021 SAMA cr\u00e9e une jointe venture avec la SwissMed School \u00e0 laquelle elle confie d\u00e8s lors les formations professionnelles, pour qu\u2019elles puissent se d\u00e9velopper dans le cadre d\u2019une \u00e9cole qui offre un \u00e9cosyst\u00e8me \u00e0 la hauteur des visions de ses formations.&nbsp; La formation MedVaidya est d\u00e8s lors g\u00e9r\u00e9e par SwissMed School qui pr\u00e9voit [&hellip;]","og_url":"https:\/\/www.samayurveda.com\/fr\/fondation-de-lassociation-swissmed-school-joint-venture-avec-sama\/","og_site_name":"SAMA","article_publisher":"https:\/\/www.facebook.com\/p\/SAMA-Swiss-Ayurvedic-Medical-Academy-100065676061693\/","article_published_time":"2021-07-01T12:17:00+00:00","article_modified_time":"2023-09-21T12:18:32+00:00","og_image":[{"width":161,"height":157,"url":"https:\/\/www.samayurveda.com\/wp-content\/uploads\/2023\/09\/image-9.png","type":"image\/png"}],"author":"admin","twitter_card":"summary_large_image","twitter_misc":{"\u00c9crit par":"admin","Dur\u00e9e de lecture estim\u00e9e":"1 minute"},"schema":{"@context":"https:\/\/schema.org","@graph":[{"@type":"Article","@id":"https:\/\/www.samayurveda.com\/fr\/fondation-de-lassociation-swissmed-school-joint-venture-avec-sama\/#article","isPartOf":{"@id":"https:\/\/www.samayurveda.com\/fr\/fondation-de-lassociation-swissmed-school-joint-venture-avec-sama\/"},"author":{"name":"admin","@id":"https:\/\/samayurveda.com\/#\/schema\/person\/61efc479b3e6709e8a9583234fece88e"},"headline":"Fondation de l\u2019association SwissMed School &#8211; Joint-venture avec SAMA\u00a0\u00a0","datePublished":"2021-07-01T12:17:00+00:00","dateModified":"2023-09-21T12:18:32+00:00","mainEntityOfPage":{"@id":"https:\/\/www.samayurveda.com\/fr\/fondation-de-lassociation-swissmed-school-joint-venture-avec-sama\/"},"wordCount":101,"publisher":{"@id":"https:\/\/samayurveda.com\/#organization"},"articleSection":["SAMA"],"inLanguage":"fr-FR"},{"@type":"WebPage","@id":"https:\/\/www.samayurveda.com\/fr\/fondation-de-lassociation-swissmed-school-joint-venture-avec-sama\/","url":"https:\/\/www.samayurveda.com\/fr\/fondation-de-lassociation-swissmed-school-joint-venture-avec-sama\/","name":"Fondation de l\u2019association SwissMed School - Joint-venture avec SAMA\u00a0\u00a0 - SAMA","isPartOf":{"@id":"https:\/\/samayurveda.com\/#website"},"datePublished":"2021-07-01T12:17:00+00:00","dateModified":"2023-09-21T12:18:32+00:00","breadcrumb":{"@id":"https:\/\/www.samayurveda.com\/fr\/fondation-de-lassociation-swissmed-school-joint-venture-avec-sama\/#breadcrumb"},"inLanguage":"fr-FR","potentialAction":[{"@type":"ReadAction","target":["https:\/\/www.samayurveda.com\/fr\/fondation-de-lassociation-swissmed-school-joint-venture-avec-sama\/"]}]},{"@type":"BreadcrumbList","@id":"https:\/\/www.samayurveda.com\/fr\/fondation-de-lassociation-swissmed-school-joint-venture-avec-sama\/#breadcrumb","itemListElement":[{"@type":"ListItem","position":1,"name":"Home","item":"https:\/\/www.samayurveda.com\/fr\/"},{"@type":"ListItem","position":2,"name":"Fondation de l\u2019association SwissMed School &#8211; Joint-venture avec SAMA\u00a0\u00a0"}]},{"@type":"WebSite","@id":"https:\/\/samayurveda.com\/#website","url":"https:\/\/samayurveda.com\/","name":"samayurveda.com","description":"","publisher":{"@id":"https:\/\/samayurveda.com\/#organization"},"potentialAction":[{"@type":"SearchAction","target":{"@type":"EntryPoint","urlTemplate":"https:\/\/samayurveda.com\/?s={search_term_string}"},"query-input":"required name=search_term_string"}],"inLanguage":"fr-FR"},{"@type":"Organization","@id":"https:\/\/samayurveda.com\/#organization","name":"samayurveda.com","url":"https:\/\/samayurveda.com\/","logo":{"@type":"ImageObject","inLanguage":"fr-FR","@id":"https:\/\/samayurveda.com\/#\/schema\/logo\/image\/","url":"https:\/\/www.samayurveda.com\/wp-content\/uploads\/2023\/08\/sama-1-1.png","contentUrl":"https:\/\/www.samayurveda.com\/wp-content\/uploads\/2023\/08\/sama-1-1.png","width":300,"height":157,"caption":"samayurveda.com"},"image":{"@id":"https:\/\/samayurveda.com\/#\/schema\/logo\/image\/"},"sameAs":["https:\/\/www.facebook.com\/p\/SAMA-Swiss-Ayurvedic-Medical-Academy-100065676061693\/"]},{"@type":"Person","@id":"https:\/\/samayurveda.com\/#\/schema\/person\/61efc479b3e6709e8a9583234fece88e","name":"admin","image":{"@type":"ImageObject","inLanguage":"fr-FR","@id":"https:\/\/samayurveda.com\/#\/schema\/person\/image\/","url":"https:\/\/secure.gravatar.com\/avatar\/c44a2a6bb651da836b83163a45e6ee792f21186387b310d10bea153d3f1c0949?s=96&d=mm&r=g","contentUrl":"https:\/\/secure.gravatar.com\/avatar\/c44a2a6bb651da836b83163a45e6ee792f21186387b310d10bea153d3f1c0949?s=96&d=mm&r=g","caption":"admin"},"sameAs":["https:\/\/samayurveda.com"],"url":"https:\/\/www.samayurveda.com\/fr\/author\/charles_wda6r7k7\/"}]}},"_links":{"self":[{"href":"https:\/\/www.samayurveda.com\/fr\/wp-json\/wp\/v2\/posts\/8935","targetHints":{"allow":["GET"]}}],"collection":[{"href":"https:\/\/www.samayurveda.com\/fr\/wp-json\/wp\/v2\/posts"}],"about":[{"href":"https:\/\/www.samayurveda.com\/fr\/wp-json\/wp\/v2\/types\/post"}],"author":[{"embeddable":true,"href":"https:\/\/www.samayurveda.com\/fr\/wp-json\/wp\/v2\/users\/1"}],"replies":[{"embeddable":true,"href":"https:\/\/www.samayurveda.com\/fr\/wp-json\/wp\/v2\/comments?post=8935"}],"version-history":[{"count":1,"href":"https:\/\/www.samayurveda.com\/fr\/wp-json\/wp\/v2\/posts\/8935\/revisions"}],"predecessor-version":[{"id":8938,"href":"https:\/\/www.samayurveda.com\/fr\/wp-json\/wp\/v2\/posts\/8935\/revisions\/8938"}],"wp:featuredmedia":[{"embeddable":true,"href":"https:\/\/www.samayurveda.com\/fr\/wp-json\/wp\/v2\/media\/8936"}],"wp:attachment":[{"href":"https:\/\/www.samayurveda.com\/fr\/wp-json\/wp\/v2\/media?parent=8935"}],"wp:term":[{"taxonomy":"category","embeddable":true,"href":"https:\/\/www.samayurveda.com\/fr\/wp-json\/wp\/v2\/categories?post=8935"},{"taxonomy":"post_tag","embeddable":true,"href":"https:\/\/www.samayurveda.com\/fr\/wp-json\/wp\/v2\/tags?post=8935"}],"curies":[{"name":"wp","href":"https:\/\/api.w.org\/{rel}","templated":true}]}}