{"id":8939,"date":"2022-10-22T12:18:00","date_gmt":"2022-10-22T12:18:00","guid":{"rendered":"https:\/\/www.samayurveda.com\/?p=8939"},"modified":"2023-09-21T12:23:55","modified_gmt":"2023-09-21T12:23:55","slug":"ayurveda-day-european-ayurveda-congress-berlin","status":"publish","type":"post","link":"https:\/\/www.samayurveda.com\/fr\/ayurveda-day-european-ayurveda-congress-berlin\/","title":{"rendered":"Ayurveda Day &#038; European Ayurveda Congress &#8211; Berlin\u00a0"},"content":{"rendered":"\n<p class=\"wp-block-paragraph\">En octobre 2022, l&rsquo;ambassade de l&rsquo;Inde \u00e0 Berlin, en collaboration avec AYUSH et avec le soutien actif de la communaut\u00e9 indienne de l&rsquo;Ayurveda en Allemagne, a organis\u00e9 la Journ\u00e9e de l&rsquo;Ayurveda en m\u00eame temps que le Congr\u00e8s europ\u00e9en de l&rsquo;Ayurveda.&nbsp;<\/p>\n\n\n\n<figure class=\"wp-block-image size-large\"><img decoding=\"async\" width=\"1024\" height=\"436\" src=\"https:\/\/www.samayurveda.com\/wp-content\/uploads\/2023\/09\/image-10-1024x436.png\" alt=\"\" class=\"wp-image-8940\" srcset=\"https:\/\/www.samayurveda.com\/wp-content\/uploads\/2023\/09\/image-10-1024x436.png 1024w, https:\/\/www.samayurveda.com\/wp-content\/uploads\/2023\/09\/image-10-300x128.png 300w, https:\/\/www.samayurveda.com\/wp-content\/uploads\/2023\/09\/image-10-768x327.png 768w, https:\/\/www.samayurveda.com\/wp-content\/uploads\/2023\/09\/image-10.png 1333w\" sizes=\"(max-width: 1024px) 100vw, 1024px\" \/><\/figure>\n\n\n\n<p class=\"wp-block-paragraph\">Des repr\u00e9sentants de l&rsquo;Ayurv\u00e9da d&rsquo;Allemagne et de diff\u00e9rents pays europ\u00e9ens ont \u00e9t\u00e9 invit\u00e9s \u00e0 assister \u00e0 diverses pr\u00e9sentations, \u00e0 des d\u00e9bats anim\u00e9s et \u00e0 un programme culturel.&nbsp;<\/p>\n\n\n\n<figure class=\"wp-block-image size-full\"><img decoding=\"async\" width=\"945\" height=\"528\" src=\"https:\/\/www.samayurveda.com\/wp-content\/uploads\/2023\/09\/image-11.png\" alt=\"\" class=\"wp-image-8942\" srcset=\"https:\/\/www.samayurveda.com\/wp-content\/uploads\/2023\/09\/image-11.png 945w, https:\/\/www.samayurveda.com\/wp-content\/uploads\/2023\/09\/image-11-300x168.png 300w, https:\/\/www.samayurveda.com\/wp-content\/uploads\/2023\/09\/image-11-768x429.png 768w\" sizes=\"(max-width: 945px) 100vw, 945px\" \/><\/figure>\n\n\n\n<p class=\"wp-block-paragraph\">Chapeau bas \u00e0 la diaspora professionnelle indienne de l&rsquo;Ayurv\u00e9da en Allemagne, pour son activisme et sa productivit\u00e9, pour sa motivation et la qualit\u00e9 de son travail ainsi que pour son engagement \u00e0 la cause.&nbsp;<\/p>\n\n\n\n<figure class=\"wp-block-image size-large\"><img decoding=\"async\" width=\"1024\" height=\"489\" src=\"https:\/\/www.samayurveda.com\/wp-content\/uploads\/2023\/09\/image-12-1024x489.png\" alt=\"\" class=\"wp-image-8944\" srcset=\"https:\/\/www.samayurveda.com\/wp-content\/uploads\/2023\/09\/image-12-1024x489.png 1024w, https:\/\/www.samayurveda.com\/wp-content\/uploads\/2023\/09\/image-12-300x143.png 300w, https:\/\/www.samayurveda.com\/wp-content\/uploads\/2023\/09\/image-12-768x367.png 768w, https:\/\/www.samayurveda.com\/wp-content\/uploads\/2023\/09\/image-12-1536x733.png 1536w, https:\/\/www.samayurveda.com\/wp-content\/uploads\/2023\/09\/image-12.png 1600w\" sizes=\"(max-width: 1024px) 100vw, 1024px\" \/><\/figure>\n","protected":false},"excerpt":{"rendered":"<p>En octobre 2022, l&rsquo;ambassade de l&rsquo;Inde \u00e0 Berlin, en collaboration avec AYUSH et avec le soutien actif de la communaut\u00e9 indienne de l&rsquo;Ayurveda en Allemagne, a organis\u00e9 la Journ\u00e9e de l&rsquo;Ayurveda en m\u00eame temps que le Congr\u00e8s europ\u00e9en de l&rsquo;Ayurveda.&nbsp; Des repr\u00e9sentants de l&rsquo;Ayurv\u00e9da d&rsquo;Allemagne et de diff\u00e9rents pays europ\u00e9ens ont \u00e9t\u00e9 invit\u00e9s \u00e0 assister [&hellip;]<\/p>\n","protected":false},"author":1,"featured_media":8940,"comment_status":"closed","ping_status":"closed","sticky":false,"template":"","format":"standard","meta":{"footnotes":""},"categories":[119],"tags":[124],"class_list":["post-8939","post","type-post","status-publish","format-standard","has-post-thumbnail","hentry","category-ayurveda-international-fr","tag-ayush"],"yoast_head":"<!-- This site is optimized with the Yoast SEO plugin v20.12 - https:\/\/yoast.com\/wordpress\/plugins\/seo\/ -->\n<title>Ayurveda Day &amp; European Ayurveda Congress - Berlin\u00a0 - SAMA<\/title>\n<meta name=\"robots\" content=\"index, follow, max-snippet:-1, max-image-preview:large, max-video-preview:-1\" \/>\n<link rel=\"canonical\" href=\"https:\/\/www.samayurveda.com\/fr\/ayurveda-day-european-ayurveda-congress-berlin\/\" \/>\n<meta property=\"og:locale\" content=\"fr_FR\" \/>\n<meta property=\"og:type\" content=\"article\" \/>\n<meta property=\"og:title\" content=\"Ayurveda Day &amp; European Ayurveda Congress - Berlin\u00a0 - SAMA\" \/>\n<meta property=\"og:description\" content=\"En octobre 2022, l&rsquo;ambassade de l&rsquo;Inde \u00e0 Berlin, en collaboration avec AYUSH et avec le soutien actif de la communaut\u00e9 indienne de l&rsquo;Ayurveda en Allemagne, a organis\u00e9 la Journ\u00e9e de l&rsquo;Ayurveda en m\u00eame temps que le Congr\u00e8s europ\u00e9en de l&rsquo;Ayurveda.&nbsp; Des repr\u00e9sentants de l&rsquo;Ayurv\u00e9da d&rsquo;Allemagne et de diff\u00e9rents pays europ\u00e9ens ont \u00e9t\u00e9 invit\u00e9s \u00e0 assister [&hellip;]\" \/>\n<meta property=\"og:url\" content=\"https:\/\/www.samayurveda.com\/fr\/ayurveda-day-european-ayurveda-congress-berlin\/\" \/>\n<meta property=\"og:site_name\" content=\"SAMA\" \/>\n<meta property=\"article:publisher\" content=\"https:\/\/www.facebook.com\/p\/SAMA-Swiss-Ayurvedic-Medical-Academy-100065676061693\/\" \/>\n<meta property=\"article:published_time\" content=\"2022-10-22T12:18:00+00:00\" \/>\n<meta property=\"article:modified_time\" content=\"2023-09-21T12:23:55+00:00\" \/>\n<meta property=\"og:image\" content=\"https:\/\/www.samayurveda.com\/wp-content\/uploads\/2023\/09\/image-10.png\" \/>\n\t<meta property=\"og:image:width\" content=\"1333\" \/>\n\t<meta property=\"og:image:height\" content=\"567\" \/>\n\t<meta property=\"og:image:type\" content=\"image\/png\" \/>\n<meta name=\"author\" content=\"admin\" \/>\n<meta name=\"twitter:card\" content=\"summary_large_image\" \/>\n<meta name=\"twitter:label1\" content=\"\u00c9crit par\" \/>\n\t<meta name=\"twitter:data1\" content=\"admin\" \/>\n\t<meta name=\"twitter:label2\" content=\"Dur\u00e9e de lecture estim\u00e9e\" \/>\n\t<meta name=\"twitter:data2\" content=\"2 minutes\" \/>\n<script type=\"application\/ld+json\" class=\"yoast-schema-graph\">{\"@context\":\"https:\/\/schema.org\",\"@graph\":[{\"@type\":\"Article\",\"@id\":\"https:\/\/www.samayurveda.com\/fr\/ayurveda-day-european-ayurveda-congress-berlin\/#article\",\"isPartOf\":{\"@id\":\"https:\/\/www.samayurveda.com\/fr\/ayurveda-day-european-ayurveda-congress-berlin\/\"},\"author\":{\"name\":\"admin\",\"@id\":\"https:\/\/samayurveda.com\/#\/schema\/person\/61efc479b3e6709e8a9583234fece88e\"},\"headline\":\"Ayurveda Day &#038; European Ayurveda Congress &#8211; Berlin\u00a0\",\"datePublished\":\"2022-10-22T12:18:00+00:00\",\"dateModified\":\"2023-09-21T12:23:55+00:00\",\"mainEntityOfPage\":{\"@id\":\"https:\/\/www.samayurveda.com\/fr\/ayurveda-day-european-ayurveda-congress-berlin\/\"},\"wordCount\":124,\"publisher\":{\"@id\":\"https:\/\/samayurveda.com\/#organization\"},\"keywords\":[\"AYUSH\"],\"articleSection\":[\"Ayurveda international\"],\"inLanguage\":\"fr-FR\"},{\"@type\":\"WebPage\",\"@id\":\"https:\/\/www.samayurveda.com\/fr\/ayurveda-day-european-ayurveda-congress-berlin\/\",\"url\":\"https:\/\/www.samayurveda.com\/fr\/ayurveda-day-european-ayurveda-congress-berlin\/\",\"name\":\"Ayurveda Day & European Ayurveda Congress - Berlin\u00a0 - SAMA\",\"isPartOf\":{\"@id\":\"https:\/\/samayurveda.com\/#website\"},\"datePublished\":\"2022-10-22T12:18:00+00:00\",\"dateModified\":\"2023-09-21T12:23:55+00:00\",\"breadcrumb\":{\"@id\":\"https:\/\/www.samayurveda.com\/fr\/ayurveda-day-european-ayurveda-congress-berlin\/#breadcrumb\"},\"inLanguage\":\"fr-FR\",\"potentialAction\":[{\"@type\":\"ReadAction\",\"target\":[\"https:\/\/www.samayurveda.com\/fr\/ayurveda-day-european-ayurveda-congress-berlin\/\"]}]},{\"@type\":\"BreadcrumbList\",\"@id\":\"https:\/\/www.samayurveda.com\/fr\/ayurveda-day-european-ayurveda-congress-berlin\/#breadcrumb\",\"itemListElement\":[{\"@type\":\"ListItem\",\"position\":1,\"name\":\"Home\",\"item\":\"https:\/\/www.samayurveda.com\/fr\/\"},{\"@type\":\"ListItem\",\"position\":2,\"name\":\"Ayurveda Day &#038; European Ayurveda Congress &#8211; Berlin\u00a0\"}]},{\"@type\":\"WebSite\",\"@id\":\"https:\/\/samayurveda.com\/#website\",\"url\":\"https:\/\/samayurveda.com\/\",\"name\":\"samayurveda.com\",\"description\":\"\",\"publisher\":{\"@id\":\"https:\/\/samayurveda.com\/#organization\"},\"potentialAction\":[{\"@type\":\"SearchAction\",\"target\":{\"@type\":\"EntryPoint\",\"urlTemplate\":\"https:\/\/samayurveda.com\/?s={search_term_string}\"},\"query-input\":\"required name=search_term_string\"}],\"inLanguage\":\"fr-FR\"},{\"@type\":\"Organization\",\"@id\":\"https:\/\/samayurveda.com\/#organization\",\"name\":\"samayurveda.com\",\"url\":\"https:\/\/samayurveda.com\/\",\"logo\":{\"@type\":\"ImageObject\",\"inLanguage\":\"fr-FR\",\"@id\":\"https:\/\/samayurveda.com\/#\/schema\/logo\/image\/\",\"url\":\"https:\/\/www.samayurveda.com\/wp-content\/uploads\/2023\/08\/sama-1-1.png\",\"contentUrl\":\"https:\/\/www.samayurveda.com\/wp-content\/uploads\/2023\/08\/sama-1-1.png\",\"width\":300,\"height\":157,\"caption\":\"samayurveda.com\"},\"image\":{\"@id\":\"https:\/\/samayurveda.com\/#\/schema\/logo\/image\/\"},\"sameAs\":[\"https:\/\/www.facebook.com\/p\/SAMA-Swiss-Ayurvedic-Medical-Academy-100065676061693\/\"]},{\"@type\":\"Person\",\"@id\":\"https:\/\/samayurveda.com\/#\/schema\/person\/61efc479b3e6709e8a9583234fece88e\",\"name\":\"admin\",\"image\":{\"@type\":\"ImageObject\",\"inLanguage\":\"fr-FR\",\"@id\":\"https:\/\/samayurveda.com\/#\/schema\/person\/image\/\",\"url\":\"https:\/\/secure.gravatar.com\/avatar\/c44a2a6bb651da836b83163a45e6ee792f21186387b310d10bea153d3f1c0949?s=96&d=mm&r=g\",\"contentUrl\":\"https:\/\/secure.gravatar.com\/avatar\/c44a2a6bb651da836b83163a45e6ee792f21186387b310d10bea153d3f1c0949?s=96&d=mm&r=g\",\"caption\":\"admin\"},\"sameAs\":[\"https:\/\/samayurveda.com\"],\"url\":\"https:\/\/www.samayurveda.com\/fr\/author\/charles_wda6r7k7\/\"}]}<\/script>\n<!-- \/ Yoast SEO plugin. -->","yoast_head_json":{"title":"Ayurveda Day & European Ayurveda Congress - Berlin\u00a0 - SAMA","robots":{"index":"index","follow":"follow","max-snippet":"max-snippet:-1","max-image-preview":"max-image-preview:large","max-video-preview":"max-video-preview:-1"},"canonical":"https:\/\/www.samayurveda.com\/fr\/ayurveda-day-european-ayurveda-congress-berlin\/","og_locale":"fr_FR","og_type":"article","og_title":"Ayurveda Day & European Ayurveda Congress - Berlin\u00a0 - SAMA","og_description":"En octobre 2022, l&rsquo;ambassade de l&rsquo;Inde \u00e0 Berlin, en collaboration avec AYUSH et avec le soutien actif de la communaut\u00e9 indienne de l&rsquo;Ayurveda en Allemagne, a organis\u00e9 la Journ\u00e9e de l&rsquo;Ayurveda en m\u00eame temps que le Congr\u00e8s europ\u00e9en de l&rsquo;Ayurveda.&nbsp; Des repr\u00e9sentants de l&rsquo;Ayurv\u00e9da d&rsquo;Allemagne et de diff\u00e9rents pays europ\u00e9ens ont \u00e9t\u00e9 invit\u00e9s \u00e0 assister [&hellip;]","og_url":"https:\/\/www.samayurveda.com\/fr\/ayurveda-day-european-ayurveda-congress-berlin\/","og_site_name":"SAMA","article_publisher":"https:\/\/www.facebook.com\/p\/SAMA-Swiss-Ayurvedic-Medical-Academy-100065676061693\/","article_published_time":"2022-10-22T12:18:00+00:00","article_modified_time":"2023-09-21T12:23:55+00:00","og_image":[{"width":1333,"height":567,"url":"https:\/\/www.samayurveda.com\/wp-content\/uploads\/2023\/09\/image-10.png","type":"image\/png"}],"author":"admin","twitter_card":"summary_large_image","twitter_misc":{"\u00c9crit par":"admin","Dur\u00e9e de lecture estim\u00e9e":"2 minutes"},"schema":{"@context":"https:\/\/schema.org","@graph":[{"@type":"Article","@id":"https:\/\/www.samayurveda.com\/fr\/ayurveda-day-european-ayurveda-congress-berlin\/#article","isPartOf":{"@id":"https:\/\/www.samayurveda.com\/fr\/ayurveda-day-european-ayurveda-congress-berlin\/"},"author":{"name":"admin","@id":"https:\/\/samayurveda.com\/#\/schema\/person\/61efc479b3e6709e8a9583234fece88e"},"headline":"Ayurveda Day &#038; European Ayurveda Congress &#8211; Berlin\u00a0","datePublished":"2022-10-22T12:18:00+00:00","dateModified":"2023-09-21T12:23:55+00:00","mainEntityOfPage":{"@id":"https:\/\/www.samayurveda.com\/fr\/ayurveda-day-european-ayurveda-congress-berlin\/"},"wordCount":124,"publisher":{"@id":"https:\/\/samayurveda.com\/#organization"},"keywords":["AYUSH"],"articleSection":["Ayurveda international"],"inLanguage":"fr-FR"},{"@type":"WebPage","@id":"https:\/\/www.samayurveda.com\/fr\/ayurveda-day-european-ayurveda-congress-berlin\/","url":"https:\/\/www.samayurveda.com\/fr\/ayurveda-day-european-ayurveda-congress-berlin\/","name":"Ayurveda Day & European Ayurveda Congress - Berlin\u00a0 - SAMA","isPartOf":{"@id":"https:\/\/samayurveda.com\/#website"},"datePublished":"2022-10-22T12:18:00+00:00","dateModified":"2023-09-21T12:23:55+00:00","breadcrumb":{"@id":"https:\/\/www.samayurveda.com\/fr\/ayurveda-day-european-ayurveda-congress-berlin\/#breadcrumb"},"inLanguage":"fr-FR","potentialAction":[{"@type":"ReadAction","target":["https:\/\/www.samayurveda.com\/fr\/ayurveda-day-european-ayurveda-congress-berlin\/"]}]},{"@type":"BreadcrumbList","@id":"https:\/\/www.samayurveda.com\/fr\/ayurveda-day-european-ayurveda-congress-berlin\/#breadcrumb","itemListElement":[{"@type":"ListItem","position":1,"name":"Home","item":"https:\/\/www.samayurveda.com\/fr\/"},{"@type":"ListItem","position":2,"name":"Ayurveda Day &#038; European Ayurveda Congress &#8211; Berlin\u00a0"}]},{"@type":"WebSite","@id":"https:\/\/samayurveda.com\/#website","url":"https:\/\/samayurveda.com\/","name":"samayurveda.com","description":"","publisher":{"@id":"https:\/\/samayurveda.com\/#organization"},"potentialAction":[{"@type":"SearchAction","target":{"@type":"EntryPoint","urlTemplate":"https:\/\/samayurveda.com\/?s={search_term_string}"},"query-input":"required name=search_term_string"}],"inLanguage":"fr-FR"},{"@type":"Organization","@id":"https:\/\/samayurveda.com\/#organization","name":"samayurveda.com","url":"https:\/\/samayurveda.com\/","logo":{"@type":"ImageObject","inLanguage":"fr-FR","@id":"https:\/\/samayurveda.com\/#\/schema\/logo\/image\/","url":"https:\/\/www.samayurveda.com\/wp-content\/uploads\/2023\/08\/sama-1-1.png","contentUrl":"https:\/\/www.samayurveda.com\/wp-content\/uploads\/2023\/08\/sama-1-1.png","width":300,"height":157,"caption":"samayurveda.com"},"image":{"@id":"https:\/\/samayurveda.com\/#\/schema\/logo\/image\/"},"sameAs":["https:\/\/www.facebook.com\/p\/SAMA-Swiss-Ayurvedic-Medical-Academy-100065676061693\/"]},{"@type":"Person","@id":"https:\/\/samayurveda.com\/#\/schema\/person\/61efc479b3e6709e8a9583234fece88e","name":"admin","image":{"@type":"ImageObject","inLanguage":"fr-FR","@id":"https:\/\/samayurveda.com\/#\/schema\/person\/image\/","url":"https:\/\/secure.gravatar.com\/avatar\/c44a2a6bb651da836b83163a45e6ee792f21186387b310d10bea153d3f1c0949?s=96&d=mm&r=g","contentUrl":"https:\/\/secure.gravatar.com\/avatar\/c44a2a6bb651da836b83163a45e6ee792f21186387b310d10bea153d3f1c0949?s=96&d=mm&r=g","caption":"admin"},"sameAs":["https:\/\/samayurveda.com"],"url":"https:\/\/www.samayurveda.com\/fr\/author\/charles_wda6r7k7\/"}]}},"_links":{"self":[{"href":"https:\/\/www.samayurveda.com\/fr\/wp-json\/wp\/v2\/posts\/8939","targetHints":{"allow":["GET"]}}],"collection":[{"href":"https:\/\/www.samayurveda.com\/fr\/wp-json\/wp\/v2\/posts"}],"about":[{"href":"https:\/\/www.samayurveda.com\/fr\/wp-json\/wp\/v2\/types\/post"}],"author":[{"embeddable":true,"href":"https:\/\/www.samayurveda.com\/fr\/wp-json\/wp\/v2\/users\/1"}],"replies":[{"embeddable":true,"href":"https:\/\/www.samayurveda.com\/fr\/wp-json\/wp\/v2\/comments?post=8939"}],"version-history":[{"count":3,"href":"https:\/\/www.samayurveda.com\/fr\/wp-json\/wp\/v2\/posts\/8939\/revisions"}],"predecessor-version":[{"id":8948,"href":"https:\/\/www.samayurveda.com\/fr\/wp-json\/wp\/v2\/posts\/8939\/revisions\/8948"}],"wp:featuredmedia":[{"embeddable":true,"href":"https:\/\/www.samayurveda.com\/fr\/wp-json\/wp\/v2\/media\/8940"}],"wp:attachment":[{"href":"https:\/\/www.samayurveda.com\/fr\/wp-json\/wp\/v2\/media?parent=8939"}],"wp:term":[{"taxonomy":"category","embeddable":true,"href":"https:\/\/www.samayurveda.com\/fr\/wp-json\/wp\/v2\/categories?post=8939"},{"taxonomy":"post_tag","embeddable":true,"href":"https:\/\/www.samayurveda.com\/fr\/wp-json\/wp\/v2\/tags?post=8939"}],"curies":[{"name":"wp","href":"https:\/\/api.w.org\/{rel}","templated":true}]}}