{"id":8949,"date":"2022-12-11T12:24:00","date_gmt":"2022-12-11T12:24:00","guid":{"rendered":"https:\/\/www.samayurveda.com\/?p=8949"},"modified":"2023-09-21T12:30:38","modified_gmt":"2023-09-21T12:30:38","slug":"vi-international-conference-on-ayurved-for-cancer-pune-maharashtra","status":"publish","type":"post","link":"https:\/\/www.samayurveda.com\/fr\/vi-international-conference-on-ayurved-for-cancer-pune-maharashtra\/","title":{"rendered":"VI International conference on Ayurved for Cancer &#8211; Pune, Maharashtra\u00a0"},"content":{"rendered":"\n<figure class=\"wp-block-image size-large\"><img decoding=\"async\" width=\"1024\" height=\"683\" src=\"https:\/\/www.samayurveda.com\/wp-content\/uploads\/2023\/09\/image-13-1024x683.png\" alt=\"\" class=\"wp-image-8953\" srcset=\"https:\/\/www.samayurveda.com\/wp-content\/uploads\/2023\/09\/image-13-1024x683.png 1024w, https:\/\/www.samayurveda.com\/wp-content\/uploads\/2023\/09\/image-13-300x200.png 300w, https:\/\/www.samayurveda.com\/wp-content\/uploads\/2023\/09\/image-13-768x512.png 768w, https:\/\/www.samayurveda.com\/wp-content\/uploads\/2023\/09\/image-13.png 1200w\" sizes=\"(max-width: 1024px) 100vw, 1024px\" \/><\/figure>\n\n\n\n<p class=\"wp-block-paragraph\">Du 9 au 11 d\u00e9cembre, le Bharatiya Sanskriti Darshan Trust (BSDT) et le Integrated Cancer treatment and Research Center (ICTRC) de Pune ont organis\u00e9 la 6e \u00e9dition de la conf\u00e9rence internationale sur l&rsquo;Ayurveda et le cancer.&nbsp;<\/p>\n\n\n\n<p class=\"wp-block-paragraph\">BSDT et son ICTRC sont reconnus comme un centre d&rsquo;excellence en Ayurveda et en oncologie par le gouvernement indien. Son exp\u00e9rience de plus de trente ans en mati\u00e8re de m\u00e9decine int\u00e9grative efficace en fait un mod\u00e8le exceptionnel pour la mise en \u0153uvre pratique d&rsquo;une m\u00e9decine int\u00e9grative significative et efficace.&nbsp;<\/p>\n\n\n\n<p class=\"wp-block-paragraph\">Le Integrated Cancer treatment and Research Center (ICTRC), sous la direction avis\u00e9e du professeur S. P. Sardeshmukh, est unique en son genre et constitue une r\u00e9f\u00e9rence nationale en Inde.&nbsp;<\/p>\n\n\n\n<figure class=\"wp-block-image size-full\"><img decoding=\"async\" width=\"846\" height=\"565\" src=\"https:\/\/www.samayurveda.com\/wp-content\/uploads\/2023\/09\/image-3.jpeg\" alt=\"\" class=\"wp-image-8950\" srcset=\"https:\/\/www.samayurveda.com\/wp-content\/uploads\/2023\/09\/image-3.jpeg 846w, https:\/\/www.samayurveda.com\/wp-content\/uploads\/2023\/09\/image-3-300x200.jpeg 300w, https:\/\/www.samayurveda.com\/wp-content\/uploads\/2023\/09\/image-3-768x513.jpeg 768w\" sizes=\"(max-width: 846px) 100vw, 846px\" \/><\/figure>\n\n\n\n<p class=\"wp-block-paragraph\">Outre d&rsquo;\u00e9minents repr\u00e9sentants indiens de l&rsquo;Ayurv\u00e9da ayant une port\u00e9e internationale, comme Vaidya Devinderji Triguna et le Professeur Bhushan Patwardhan, des personnalit\u00e9s internationales ont assist\u00e9 \u00e0 la conf\u00e9rence, notamment le Dr Jeffery White (directeur associ\u00e9 de l&rsquo;Institut national du cancer, \u00c9tats-Unis), qui en \u00e9tait l&rsquo;invit\u00e9 principal.\u00a0<\/p>\n\n\n\n<div class=\"wp-block-columns is-layout-flex wp-container-core-columns-is-layout-8f761849 wp-block-columns-is-layout-flex\">\n<div class=\"wp-block-column is-layout-flow wp-block-column-is-layout-flow\">\n<figure class=\"wp-block-gallery has-nested-images columns-default is-cropped wp-block-gallery-1 is-layout-flex wp-block-gallery-is-layout-flex\">\n<figure class=\"wp-block-image size-full\"><img decoding=\"async\" width=\"204\" height=\"158\" data-id=\"8954\" src=\"https:\/\/www.samayurveda.com\/wp-content\/uploads\/2023\/09\/image-15.png\" alt=\"\" class=\"wp-image-8954\"\/><\/figure>\n<\/figure>\n<\/div>\n\n\n\n<div class=\"wp-block-column is-layout-flow wp-block-column-is-layout-flow\">\n<figure class=\"wp-block-gallery has-nested-images columns-default is-cropped wp-block-gallery-2 is-layout-flex wp-block-gallery-is-layout-flex\">\n<figure class=\"wp-block-image size-full\"><img decoding=\"async\" width=\"197\" height=\"158\" data-id=\"8952\" src=\"https:\/\/www.samayurveda.com\/wp-content\/uploads\/2023\/09\/image-14.png\" alt=\"\" class=\"wp-image-8952\"\/><\/figure>\n<\/figure>\n<\/div>\n\n\n\n<div class=\"wp-block-column is-layout-flow wp-block-column-is-layout-flow\">\n<figure class=\"wp-block-gallery has-nested-images columns-default is-cropped wp-block-gallery-3 is-layout-flex wp-block-gallery-is-layout-flex\">\n<figure class=\"wp-block-image size-full\"><img decoding=\"async\" width=\"319\" height=\"246\" data-id=\"8960\" src=\"https:\/\/www.samayurveda.com\/wp-content\/uploads\/2023\/09\/image-17.png\" alt=\"\" class=\"wp-image-8960\" srcset=\"https:\/\/www.samayurveda.com\/wp-content\/uploads\/2023\/09\/image-17.png 319w, https:\/\/www.samayurveda.com\/wp-content\/uploads\/2023\/09\/image-17-300x231.png 300w\" sizes=\"(max-width: 319px) 100vw, 319px\" \/><\/figure>\n<\/figure>\n<\/div>\n<\/div>\n\n\n\n<p class=\"wp-block-paragraph\">La conf\u00e9rence de trois jours a propos\u00e9 un programme intensif avec des tables rondes et des pr\u00e9sentations par des orateurs issus de la m\u00e9decine moderne et de la m\u00e9decine ayurv\u00e9dique qui ont pr\u00e9sent\u00e9 des \u00e9tudes de recherche et des informations cl\u00e9s li\u00e9es \u00e0 l&rsquo;oncologie et \u00e0 la pratique int\u00e9grative.&nbsp;<\/p>\n\n\n\n<figure class=\"wp-block-image size-full\"><img decoding=\"async\" width=\"613\" height=\"329\" src=\"https:\/\/www.samayurveda.com\/wp-content\/uploads\/2023\/09\/image-16.png\" alt=\"\" class=\"wp-image-8958\" srcset=\"https:\/\/www.samayurveda.com\/wp-content\/uploads\/2023\/09\/image-16.png 613w, https:\/\/www.samayurveda.com\/wp-content\/uploads\/2023\/09\/image-16-300x161.png 300w\" sizes=\"(max-width: 613px) 100vw, 613px\" \/><\/figure>\n\n\n\n<p class=\"wp-block-paragraph\">Lors de la session consacr\u00e9e aux pr\u00e9sentations des orateurs internationaux, le Dr. Simone Hunziker, pr\u00e9sidente de la Fondation Indo-Suisse pour l&rsquo;Ayurv\u00e9da, a pr\u00e9sent\u00e9 les potentiels et les d\u00e9fis dans le d\u00e9veloppement et la diffusion mondiale de l&rsquo;Ayurv\u00e9da en tant que m\u00e9decine int\u00e9grative.&nbsp;<\/p>\n\n\n\n<figure class=\"wp-block-image size-full\"><img decoding=\"async\" width=\"568\" height=\"395\" src=\"https:\/\/www.samayurveda.com\/wp-content\/uploads\/2023\/09\/image-18.png\" alt=\"\" class=\"wp-image-8962\" srcset=\"https:\/\/www.samayurveda.com\/wp-content\/uploads\/2023\/09\/image-18.png 568w, https:\/\/www.samayurveda.com\/wp-content\/uploads\/2023\/09\/image-18-300x209.png 300w\" sizes=\"(max-width: 568px) 100vw, 568px\" \/><\/figure>\n\n\n\n<p class=\"wp-block-paragraph\">D\u00e9l\u00e9gu\u00e9s internationaux du Br\u00e9sil, de la Suisse, des \u00c9tats-Unis et du Royaume-Uni.&nbsp;<\/p>\n\n\n\n<p class=\"wp-block-paragraph\">Plus d&rsquo;informations sur l&rsquo;\u00e9v\u00e9nement&nbsp;<\/p>\n\n\n\n<ul class=\"wp-block-list\">\n<li><a href=\"https:\/\/ayurved-for-cancer.org\/in\/organised-6th-international-conference\/\" target=\"_blank\" rel=\"noreferrer noopener\">6th International Conference<\/a>&nbsp;&nbsp;<\/li>\n<\/ul>\n\n\n\n<p class=\"wp-block-paragraph\">Par le Integrated Cancer treatment and Research Center&nbsp;<\/p>\n","protected":false},"excerpt":{"rendered":"<p>Du 9 au 11 d\u00e9cembre, le Bharatiya Sanskriti Darshan Trust (BSDT) et le Integrated Cancer treatment and Research Center (ICTRC) de Pune ont organis\u00e9 la 6e \u00e9dition de la conf\u00e9rence internationale sur l&rsquo;Ayurveda et le cancer.&nbsp; BSDT et son ICTRC sont reconnus comme un centre d&rsquo;excellence en Ayurveda et en oncologie par le gouvernement indien. [&hellip;]<\/p>\n","protected":false},"author":1,"featured_media":8953,"comment_status":"closed","ping_status":"closed","sticky":false,"template":"","format":"standard","meta":{"footnotes":""},"categories":[119],"tags":[129,130],"class_list":["post-8949","post","type-post","status-publish","format-standard","has-post-thumbnail","hentry","category-ayurveda-international-fr","tag-bsdt","tag-cancer"],"yoast_head":"<!-- This site is optimized with the Yoast SEO plugin v20.12 - https:\/\/yoast.com\/wordpress\/plugins\/seo\/ -->\n<title>VI International conference on Ayurved for Cancer - Pune, Maharashtra\u00a0 - SAMA<\/title>\n<meta name=\"robots\" content=\"index, follow, max-snippet:-1, max-image-preview:large, max-video-preview:-1\" \/>\n<link rel=\"canonical\" href=\"https:\/\/www.samayurveda.com\/fr\/vi-international-conference-on-ayurved-for-cancer-pune-maharashtra\/\" \/>\n<meta property=\"og:locale\" content=\"fr_FR\" \/>\n<meta property=\"og:type\" content=\"article\" \/>\n<meta property=\"og:title\" content=\"VI International conference on Ayurved for Cancer - Pune, Maharashtra\u00a0 - SAMA\" \/>\n<meta property=\"og:description\" content=\"Du 9 au 11 d\u00e9cembre, le Bharatiya Sanskriti Darshan Trust (BSDT) et le Integrated Cancer treatment and Research Center (ICTRC) de Pune ont organis\u00e9 la 6e \u00e9dition de la conf\u00e9rence internationale sur l&rsquo;Ayurveda et le cancer.&nbsp; BSDT et son ICTRC sont reconnus comme un centre d&rsquo;excellence en Ayurveda et en oncologie par le gouvernement indien. [&hellip;]\" \/>\n<meta property=\"og:url\" content=\"https:\/\/www.samayurveda.com\/fr\/vi-international-conference-on-ayurved-for-cancer-pune-maharashtra\/\" \/>\n<meta property=\"og:site_name\" content=\"SAMA\" \/>\n<meta property=\"article:publisher\" content=\"https:\/\/www.facebook.com\/p\/SAMA-Swiss-Ayurvedic-Medical-Academy-100065676061693\/\" \/>\n<meta property=\"article:published_time\" content=\"2022-12-11T12:24:00+00:00\" \/>\n<meta property=\"article:modified_time\" content=\"2023-09-21T12:30:38+00:00\" \/>\n<meta property=\"og:image\" content=\"https:\/\/www.samayurveda.com\/wp-content\/uploads\/2023\/09\/image-13.png\" \/>\n\t<meta property=\"og:image:width\" content=\"1200\" \/>\n\t<meta property=\"og:image:height\" content=\"800\" \/>\n\t<meta property=\"og:image:type\" content=\"image\/png\" \/>\n<meta name=\"author\" content=\"admin\" \/>\n<meta name=\"twitter:card\" content=\"summary_large_image\" \/>\n<meta name=\"twitter:label1\" content=\"\u00c9crit par\" \/>\n\t<meta name=\"twitter:data1\" content=\"admin\" \/>\n\t<meta name=\"twitter:label2\" content=\"Dur\u00e9e de lecture estim\u00e9e\" \/>\n\t<meta name=\"twitter:data2\" content=\"3 minutes\" \/>\n<script type=\"application\/ld+json\" class=\"yoast-schema-graph\">{\"@context\":\"https:\/\/schema.org\",\"@graph\":[{\"@type\":\"Article\",\"@id\":\"https:\/\/www.samayurveda.com\/fr\/vi-international-conference-on-ayurved-for-cancer-pune-maharashtra\/#article\",\"isPartOf\":{\"@id\":\"https:\/\/www.samayurveda.com\/fr\/vi-international-conference-on-ayurved-for-cancer-pune-maharashtra\/\"},\"author\":{\"name\":\"admin\",\"@id\":\"https:\/\/samayurveda.com\/#\/schema\/person\/61efc479b3e6709e8a9583234fece88e\"},\"headline\":\"VI International conference on Ayurved for Cancer &#8211; Pune, Maharashtra\u00a0\",\"datePublished\":\"2022-12-11T12:24:00+00:00\",\"dateModified\":\"2023-09-21T12:30:38+00:00\",\"mainEntityOfPage\":{\"@id\":\"https:\/\/www.samayurveda.com\/fr\/vi-international-conference-on-ayurved-for-cancer-pune-maharashtra\/\"},\"wordCount\":345,\"publisher\":{\"@id\":\"https:\/\/samayurveda.com\/#organization\"},\"keywords\":[\"BSDT\",\"cancer\"],\"articleSection\":[\"Ayurveda international\"],\"inLanguage\":\"fr-FR\"},{\"@type\":\"WebPage\",\"@id\":\"https:\/\/www.samayurveda.com\/fr\/vi-international-conference-on-ayurved-for-cancer-pune-maharashtra\/\",\"url\":\"https:\/\/www.samayurveda.com\/fr\/vi-international-conference-on-ayurved-for-cancer-pune-maharashtra\/\",\"name\":\"VI International conference on Ayurved for Cancer - Pune, Maharashtra\u00a0 - SAMA\",\"isPartOf\":{\"@id\":\"https:\/\/samayurveda.com\/#website\"},\"datePublished\":\"2022-12-11T12:24:00+00:00\",\"dateModified\":\"2023-09-21T12:30:38+00:00\",\"breadcrumb\":{\"@id\":\"https:\/\/www.samayurveda.com\/fr\/vi-international-conference-on-ayurved-for-cancer-pune-maharashtra\/#breadcrumb\"},\"inLanguage\":\"fr-FR\",\"potentialAction\":[{\"@type\":\"ReadAction\",\"target\":[\"https:\/\/www.samayurveda.com\/fr\/vi-international-conference-on-ayurved-for-cancer-pune-maharashtra\/\"]}]},{\"@type\":\"BreadcrumbList\",\"@id\":\"https:\/\/www.samayurveda.com\/fr\/vi-international-conference-on-ayurved-for-cancer-pune-maharashtra\/#breadcrumb\",\"itemListElement\":[{\"@type\":\"ListItem\",\"position\":1,\"name\":\"Home\",\"item\":\"https:\/\/www.samayurveda.com\/fr\/\"},{\"@type\":\"ListItem\",\"position\":2,\"name\":\"VI International conference on Ayurved for Cancer &#8211; Pune, Maharashtra\u00a0\"}]},{\"@type\":\"WebSite\",\"@id\":\"https:\/\/samayurveda.com\/#website\",\"url\":\"https:\/\/samayurveda.com\/\",\"name\":\"samayurveda.com\",\"description\":\"\",\"publisher\":{\"@id\":\"https:\/\/samayurveda.com\/#organization\"},\"potentialAction\":[{\"@type\":\"SearchAction\",\"target\":{\"@type\":\"EntryPoint\",\"urlTemplate\":\"https:\/\/samayurveda.com\/?s={search_term_string}\"},\"query-input\":\"required name=search_term_string\"}],\"inLanguage\":\"fr-FR\"},{\"@type\":\"Organization\",\"@id\":\"https:\/\/samayurveda.com\/#organization\",\"name\":\"samayurveda.com\",\"url\":\"https:\/\/samayurveda.com\/\",\"logo\":{\"@type\":\"ImageObject\",\"inLanguage\":\"fr-FR\",\"@id\":\"https:\/\/samayurveda.com\/#\/schema\/logo\/image\/\",\"url\":\"https:\/\/www.samayurveda.com\/wp-content\/uploads\/2023\/08\/sama-1-1.png\",\"contentUrl\":\"https:\/\/www.samayurveda.com\/wp-content\/uploads\/2023\/08\/sama-1-1.png\",\"width\":300,\"height\":157,\"caption\":\"samayurveda.com\"},\"image\":{\"@id\":\"https:\/\/samayurveda.com\/#\/schema\/logo\/image\/\"},\"sameAs\":[\"https:\/\/www.facebook.com\/p\/SAMA-Swiss-Ayurvedic-Medical-Academy-100065676061693\/\"]},{\"@type\":\"Person\",\"@id\":\"https:\/\/samayurveda.com\/#\/schema\/person\/61efc479b3e6709e8a9583234fece88e\",\"name\":\"admin\",\"image\":{\"@type\":\"ImageObject\",\"inLanguage\":\"fr-FR\",\"@id\":\"https:\/\/samayurveda.com\/#\/schema\/person\/image\/\",\"url\":\"https:\/\/secure.gravatar.com\/avatar\/c44a2a6bb651da836b83163a45e6ee792f21186387b310d10bea153d3f1c0949?s=96&d=mm&r=g\",\"contentUrl\":\"https:\/\/secure.gravatar.com\/avatar\/c44a2a6bb651da836b83163a45e6ee792f21186387b310d10bea153d3f1c0949?s=96&d=mm&r=g\",\"caption\":\"admin\"},\"sameAs\":[\"https:\/\/samayurveda.com\"],\"url\":\"https:\/\/www.samayurveda.com\/fr\/author\/charles_wda6r7k7\/\"}]}<\/script>\n<!-- \/ Yoast SEO plugin. -->","yoast_head_json":{"title":"VI International conference on Ayurved for Cancer - Pune, Maharashtra\u00a0 - SAMA","robots":{"index":"index","follow":"follow","max-snippet":"max-snippet:-1","max-image-preview":"max-image-preview:large","max-video-preview":"max-video-preview:-1"},"canonical":"https:\/\/www.samayurveda.com\/fr\/vi-international-conference-on-ayurved-for-cancer-pune-maharashtra\/","og_locale":"fr_FR","og_type":"article","og_title":"VI International conference on Ayurved for Cancer - Pune, Maharashtra\u00a0 - SAMA","og_description":"Du 9 au 11 d\u00e9cembre, le Bharatiya Sanskriti Darshan Trust (BSDT) et le Integrated Cancer treatment and Research Center (ICTRC) de Pune ont organis\u00e9 la 6e \u00e9dition de la conf\u00e9rence internationale sur l&rsquo;Ayurveda et le cancer.&nbsp; BSDT et son ICTRC sont reconnus comme un centre d&rsquo;excellence en Ayurveda et en oncologie par le gouvernement indien. [&hellip;]","og_url":"https:\/\/www.samayurveda.com\/fr\/vi-international-conference-on-ayurved-for-cancer-pune-maharashtra\/","og_site_name":"SAMA","article_publisher":"https:\/\/www.facebook.com\/p\/SAMA-Swiss-Ayurvedic-Medical-Academy-100065676061693\/","article_published_time":"2022-12-11T12:24:00+00:00","article_modified_time":"2023-09-21T12:30:38+00:00","og_image":[{"width":1200,"height":800,"url":"https:\/\/www.samayurveda.com\/wp-content\/uploads\/2023\/09\/image-13.png","type":"image\/png"}],"author":"admin","twitter_card":"summary_large_image","twitter_misc":{"\u00c9crit par":"admin","Dur\u00e9e de lecture estim\u00e9e":"3 minutes"},"schema":{"@context":"https:\/\/schema.org","@graph":[{"@type":"Article","@id":"https:\/\/www.samayurveda.com\/fr\/vi-international-conference-on-ayurved-for-cancer-pune-maharashtra\/#article","isPartOf":{"@id":"https:\/\/www.samayurveda.com\/fr\/vi-international-conference-on-ayurved-for-cancer-pune-maharashtra\/"},"author":{"name":"admin","@id":"https:\/\/samayurveda.com\/#\/schema\/person\/61efc479b3e6709e8a9583234fece88e"},"headline":"VI International conference on Ayurved for Cancer &#8211; Pune, Maharashtra\u00a0","datePublished":"2022-12-11T12:24:00+00:00","dateModified":"2023-09-21T12:30:38+00:00","mainEntityOfPage":{"@id":"https:\/\/www.samayurveda.com\/fr\/vi-international-conference-on-ayurved-for-cancer-pune-maharashtra\/"},"wordCount":345,"publisher":{"@id":"https:\/\/samayurveda.com\/#organization"},"keywords":["BSDT","cancer"],"articleSection":["Ayurveda international"],"inLanguage":"fr-FR"},{"@type":"WebPage","@id":"https:\/\/www.samayurveda.com\/fr\/vi-international-conference-on-ayurved-for-cancer-pune-maharashtra\/","url":"https:\/\/www.samayurveda.com\/fr\/vi-international-conference-on-ayurved-for-cancer-pune-maharashtra\/","name":"VI International conference on Ayurved for Cancer - Pune, Maharashtra\u00a0 - SAMA","isPartOf":{"@id":"https:\/\/samayurveda.com\/#website"},"datePublished":"2022-12-11T12:24:00+00:00","dateModified":"2023-09-21T12:30:38+00:00","breadcrumb":{"@id":"https:\/\/www.samayurveda.com\/fr\/vi-international-conference-on-ayurved-for-cancer-pune-maharashtra\/#breadcrumb"},"inLanguage":"fr-FR","potentialAction":[{"@type":"ReadAction","target":["https:\/\/www.samayurveda.com\/fr\/vi-international-conference-on-ayurved-for-cancer-pune-maharashtra\/"]}]},{"@type":"BreadcrumbList","@id":"https:\/\/www.samayurveda.com\/fr\/vi-international-conference-on-ayurved-for-cancer-pune-maharashtra\/#breadcrumb","itemListElement":[{"@type":"ListItem","position":1,"name":"Home","item":"https:\/\/www.samayurveda.com\/fr\/"},{"@type":"ListItem","position":2,"name":"VI International conference on Ayurved for Cancer &#8211; Pune, Maharashtra\u00a0"}]},{"@type":"WebSite","@id":"https:\/\/samayurveda.com\/#website","url":"https:\/\/samayurveda.com\/","name":"samayurveda.com","description":"","publisher":{"@id":"https:\/\/samayurveda.com\/#organization"},"potentialAction":[{"@type":"SearchAction","target":{"@type":"EntryPoint","urlTemplate":"https:\/\/samayurveda.com\/?s={search_term_string}"},"query-input":"required name=search_term_string"}],"inLanguage":"fr-FR"},{"@type":"Organization","@id":"https:\/\/samayurveda.com\/#organization","name":"samayurveda.com","url":"https:\/\/samayurveda.com\/","logo":{"@type":"ImageObject","inLanguage":"fr-FR","@id":"https:\/\/samayurveda.com\/#\/schema\/logo\/image\/","url":"https:\/\/www.samayurveda.com\/wp-content\/uploads\/2023\/08\/sama-1-1.png","contentUrl":"https:\/\/www.samayurveda.com\/wp-content\/uploads\/2023\/08\/sama-1-1.png","width":300,"height":157,"caption":"samayurveda.com"},"image":{"@id":"https:\/\/samayurveda.com\/#\/schema\/logo\/image\/"},"sameAs":["https:\/\/www.facebook.com\/p\/SAMA-Swiss-Ayurvedic-Medical-Academy-100065676061693\/"]},{"@type":"Person","@id":"https:\/\/samayurveda.com\/#\/schema\/person\/61efc479b3e6709e8a9583234fece88e","name":"admin","image":{"@type":"ImageObject","inLanguage":"fr-FR","@id":"https:\/\/samayurveda.com\/#\/schema\/person\/image\/","url":"https:\/\/secure.gravatar.com\/avatar\/c44a2a6bb651da836b83163a45e6ee792f21186387b310d10bea153d3f1c0949?s=96&d=mm&r=g","contentUrl":"https:\/\/secure.gravatar.com\/avatar\/c44a2a6bb651da836b83163a45e6ee792f21186387b310d10bea153d3f1c0949?s=96&d=mm&r=g","caption":"admin"},"sameAs":["https:\/\/samayurveda.com"],"url":"https:\/\/www.samayurveda.com\/fr\/author\/charles_wda6r7k7\/"}]}},"_links":{"self":[{"href":"https:\/\/www.samayurveda.com\/fr\/wp-json\/wp\/v2\/posts\/8949","targetHints":{"allow":["GET"]}}],"collection":[{"href":"https:\/\/www.samayurveda.com\/fr\/wp-json\/wp\/v2\/posts"}],"about":[{"href":"https:\/\/www.samayurveda.com\/fr\/wp-json\/wp\/v2\/types\/post"}],"author":[{"embeddable":true,"href":"https:\/\/www.samayurveda.com\/fr\/wp-json\/wp\/v2\/users\/1"}],"replies":[{"embeddable":true,"href":"https:\/\/www.samayurveda.com\/fr\/wp-json\/wp\/v2\/comments?post=8949"}],"version-history":[{"count":3,"href":"https:\/\/www.samayurveda.com\/fr\/wp-json\/wp\/v2\/posts\/8949\/revisions"}],"predecessor-version":[{"id":8968,"href":"https:\/\/www.samayurveda.com\/fr\/wp-json\/wp\/v2\/posts\/8949\/revisions\/8968"}],"wp:featuredmedia":[{"embeddable":true,"href":"https:\/\/www.samayurveda.com\/fr\/wp-json\/wp\/v2\/media\/8953"}],"wp:attachment":[{"href":"https:\/\/www.samayurveda.com\/fr\/wp-json\/wp\/v2\/media?parent=8949"}],"wp:term":[{"taxonomy":"category","embeddable":true,"href":"https:\/\/www.samayurveda.com\/fr\/wp-json\/wp\/v2\/categories?post=8949"},{"taxonomy":"post_tag","embeddable":true,"href":"https:\/\/www.samayurveda.com\/fr\/wp-json\/wp\/v2\/tags?post=8949"}],"curies":[{"name":"wp","href":"https:\/\/api.w.org\/{rel}","templated":true}]}}